{"id":137783,"date":"2019-04-09T17:05:17","date_gmt":"2019-04-09T20:05:17","guid":{"rendered":"https:\/\/diarioregionaldigital.com.br\/?p=137783"},"modified":"2019-04-09T17:23:10","modified_gmt":"2019-04-09T20:23:10","slug":"pjf-inicia-trabalhos-para-processo-de-revitalizacao-do-parque-halfeld","status":"publish","type":"post","link":"https:\/\/diarioregionaldigital.com.br\/?p=137783","title":{"rendered":"PJF inicia trabalhos para processo de revitaliza\u00e7\u00e3o do Parque Halfeld"},"content":{"rendered":"<p>A Prefeitura de Juiz de Fora (PJF) iniciou a semana realizando a\u00e7\u00f5es visando a melhoria do Parque Halfeld. Os primeiros trabalhos come\u00e7aram nessa segunda-feira, 8, com o esgotamento da \u00e1gua do lago realizado pela Companhia de Saneamento Municipal (Cesama). Na ter\u00e7a-feira, 9, equipes da Empresa Municipal de Pavimenta\u00e7\u00e3o e Urbaniza\u00e7\u00e3o (Empav) realizaram a poda de \u00e1rvores e plantio de mudas. Al\u00e9m disso,entre as a\u00e7\u00f5es, tamb\u00e9m s\u00e3o realizadas fiscaliza\u00e7\u00f5es com intuito de combate \u00e0 atua\u00e7\u00f5es de com\u00e9rcio irregular no parque.<\/p>\n<p>Membros do Departamento Municipal de Limpeza Urbana (Demlurb) realizaram a lavagem, pintura do meio fio e limpeza do parque, incluindo a lavagem do lago do local. Segundo a PJF, atendendo a pedidos da popula\u00e7\u00e3o, o \u00f3rg\u00e3o intensificar\u00e1 a limpeza do parque, realizando lava\u00e7\u00e3o a cada 15 dias, incluindo o banheiro.<\/p>\n<p>Na parte de seguran\u00e7a, a Pol\u00edcia Militar refor\u00e7a o policiamento das 14 \u00e0s 22 horas, e a Guarda Municipal estar\u00e1 presente durante todo o dia. Os \u00f3rg\u00e3os atuam em conjunto com o objetivo de diminuir e coibir o tr\u00e1fico e consumo de drogas no local. Al\u00e9m dessas a\u00e7\u00f5es, a Secretaria de Desenvolvimento Social (SDS), em parceria com a Semaur, Demlurb, GM, e PM, realiza a &#8220;A\u00e7\u00e3o Conjunta&#8221; de abordagem social \u00e0 popula\u00e7\u00e3o em situa\u00e7\u00e3o de rua.<\/p>\n<p>Ao longo desta semana outras a\u00e7\u00f5es v\u00e3o ser realizadas no local. Conforme o secret\u00e1rio de Seguran\u00e7a P\u00fablica e Cidadania, Jos\u00e9 S\u00f3ter de Figueir\u00f4a Neto, o grupo envolvido nos trabalhos de revitaliza\u00e7\u00e3o do Parque Halfeld se reunir\u00e1 na pr\u00f3xima semana para avaliar as primeiras a\u00e7\u00f5es executadas e discutir novas propostas. representantes da Funda\u00e7\u00e3o Cultural Alfredo Ferreira Lage (Funalfa) e da Secretaria de Desenvolvimento Econ\u00f4mico, Turismo e Agropecu\u00e1ria (Sedeta) v\u00e3o ser convidados para a reuni\u00e3o.<\/p>\n","protected":false},"excerpt":{"rendered":"<p>A Prefeitura de Juiz de Fora (PJF) iniciou a semana realizando a\u00e7\u00f5es visando a melhoria do Parque Halfeld. Os primeiros trabalhos come\u00e7aram nessa segunda-feira, 8, com o esgotamento da \u00e1gua do lago realizado pela Companhia de Saneamento Municipal (Cesama). Na ter\u00e7a-feira, 9, equipes da Empresa Municipal de Pavimenta\u00e7\u00e3o e Urbaniza\u00e7\u00e3o (Empav) realizaram a poda de [&hellip;]<\/p>\n","protected":false},"author":96,"featured_media":137785,"comment_status":"closed","ping_status":"closed","sticky":false,"template":"","format":"standard","meta":{"footnotes":""},"categories":[253,436,440,439],"tags":[],"class_list":["post-137783","post","type-post","status-publish","format-standard","has-post-thumbnail","hentry","category-cidade","category-destaque-da-semana","category-destaques-do-dia","category-ultima-hora"],"_links":{"self":[{"href":"https:\/\/diarioregionaldigital.com.br\/index.php?rest_route=\/wp\/v2\/posts\/137783","targetHints":{"allow":["GET"]}}],"collection":[{"href":"https:\/\/diarioregionaldigital.com.br\/index.php?rest_route=\/wp\/v2\/posts"}],"about":[{"href":"https:\/\/diarioregionaldigital.com.br\/index.php?rest_route=\/wp\/v2\/types\/post"}],"author":[{"embeddable":true,"href":"https:\/\/diarioregionaldigital.com.br\/index.php?rest_route=\/wp\/v2\/users\/96"}],"replies":[{"embeddable":true,"href":"https:\/\/diarioregionaldigital.com.br\/index.php?rest_route=%2Fwp%2Fv2%2Fcomments&post=137783"}],"version-history":[{"count":0,"href":"https:\/\/diarioregionaldigital.com.br\/index.php?rest_route=\/wp\/v2\/posts\/137783\/revisions"}],"wp:featuredmedia":[{"embeddable":true,"href":"https:\/\/diarioregionaldigital.com.br\/index.php?rest_route=\/wp\/v2\/media\/137785"}],"wp:attachment":[{"href":"https:\/\/diarioregionaldigital.com.br\/index.php?rest_route=%2Fwp%2Fv2%2Fmedia&parent=137783"}],"wp:term":[{"taxonomy":"category","embeddable":true,"href":"https:\/\/diarioregionaldigital.com.br\/index.php?rest_route=%2Fwp%2Fv2%2Fcategories&post=137783"},{"taxonomy":"post_tag","embeddable":true,"href":"https:\/\/diarioregionaldigital.com.br\/index.php?rest_route=%2Fwp%2Fv2%2Ftags&post=137783"}],"curies":[{"name":"wp","href":"https:\/\/api.w.org\/{rel}","templated":true}]}}