{"id":137779,"date":"2019-04-09T17:14:06","date_gmt":"2019-04-09T20:14:06","guid":{"rendered":"https:\/\/diarioregionaldigital.com.br\/?p=137779"},"modified":"2019-04-09T17:14:06","modified_gmt":"2019-04-09T20:14:06","slug":"escolas-de-minas-gerais-e-do-rio-de-janeiro-sao-confirmadas-para-visita-ao-jardim-botanico-da-ufjf","status":"publish","type":"post","link":"https:\/\/diarioregionaldigital.com.br\/?p=137779","title":{"rendered":"Escolas de Minas Gerais e do Rio de Janeiro s\u00e3o confirmadas para visita ao Jardim Bot\u00e2nico da UFJF"},"content":{"rendered":"<p>Estudantes de Juiz de Fora e de mais oito escolas de cidades de Minas Gerais e Rio de Janeiro tiveram o agendamento confirmado para visita ao Jardim Bot\u00e2nico da Universidade Federal de Juiz de Fora (UFJF): Andrel\u00e2ndia, Comendador Levy Gasparian (RJ), Lagoa Dourada, Matias Barbosa, Piau, S\u00e3o Jo\u00e3o Nepomuceno, Santos Dumont e Sim\u00e3o Pereira.<\/p>\n<p>A lista com o nome de 46 escolas que tiveram o agendamento confirmadofoi divulgada pela UFJF nesta ter\u00e7a-feira, 9, e, segundo a institui\u00e7\u00e3o, cerca de 3 mil estudantes v\u00e3o desfrutar dessa experi\u00eancia.<\/p>\n<p>As visitas come\u00e7am na pr\u00f3xima ter\u00e7a-feira, 16, e v\u00e3o at\u00e9 o fim de junho, quando novas vagas ser\u00e3o abertas para o segundo semestre,\u00a0<a href=\"http:\/\/www.ufjf.br\/jardimbotanico\">no site do Jardim Bot\u00e2nico<\/a>.A lista com 74 vagas preenchidas conta com diferentes escolas selecionadas, desde col\u00e9gios municipais a federais, com turmas que variam do maternal ao ensino superior.Para as visitas, as escolas puderam optar entre\u00a0cinco roteiros, sugeridos pela equipe de Educa\u00e7\u00e3o Ambiental do Jardim, que abordam aspectos distintos da sociobiodiversidade e de seus saberes.<\/p>\n<div id=\"attachment_137781\" style=\"width: 485px\" class=\"wp-caption aligncenter\"><img loading=\"lazy\" decoding=\"async\" aria-describedby=\"caption-attachment-137781\" class=\" wp-image-137781\" src=\"https:\/\/diarioregionaldigital.com.br\/wp-content\/uploads\/2019\/04\/raul-mour\u00e3o-divulga\u00e7\u00e3o-ufjf-usar-essa-2-300x235.jpg\" alt=\"\" width=\"475\" height=\"372\" srcset=\"https:\/\/diarioregionaldigital.com.br\/wp-content\/uploads\/2019\/04\/raul-mour\u00e3o-divulga\u00e7\u00e3o-ufjf-usar-essa-2-300x235.jpg 300w, https:\/\/diarioregionaldigital.com.br\/wp-content\/uploads\/2019\/04\/raul-mour\u00e3o-divulga\u00e7\u00e3o-ufjf-usar-essa-2-768x602.jpg 768w, https:\/\/diarioregionaldigital.com.br\/wp-content\/uploads\/2019\/04\/raul-mour\u00e3o-divulga\u00e7\u00e3o-ufjf-usar-essa-2-360x282.jpg 360w, https:\/\/diarioregionaldigital.com.br\/wp-content\/uploads\/2019\/04\/raul-mour\u00e3o-divulga\u00e7\u00e3o-ufjf-usar-essa-2.jpg 960w\" sizes=\"auto, (max-width: 475px) 100vw, 475px\" \/><p id=\"caption-attachment-137781\" class=\"wp-caption-text\">O espa\u00e7o ser\u00e1 inaugurado na pr\u00f3xima sexta-feira, 12. FOTO: Raul Mour\u00e3o \/ Divulga\u00e7\u00e3o UFJF<\/p><\/div>\n<p>As visitas v\u00e3o ser realizadas em dois grupos por dia, de ter\u00e7a a sexta, sempre nos per\u00edodos da manh\u00e3, das 8h \u00e0s 11h, e da tarde, das 13h \u00e0s 16h, com at\u00e9 50 estudantes e professores em cada agendamento.<\/p>\n<p>A abertura do Jardim Bot\u00e2nico da UFJF ser\u00e1 nesta sexta-feira, 12, com uma solenidade restrita a convidados na parte da manh\u00e3. Logo ap\u00f3s, a partir das 13h, o espa\u00e7o estar\u00e1 aberto para receber todos os visitantes. O Jardim Bot\u00e2nico possui mais de 80 hectares de extens\u00e3o e est\u00e1 localizado na \u00e1rea da Mata do Krambeck. Os visitantes ter\u00e3o acesso a uma \u00e1rea de cerca de 10 hectares de extens\u00e3o. No Jardim, est\u00e3o presentes mais de 500 esp\u00e9cies vegetais, incluindo exemplares nativos, popula\u00e7\u00f5es raras ou em perigo de extin\u00e7\u00e3o.<\/p>\n<p><a href=\"http:\/\/www2.ufjf.br\/noticias\/wp-content\/uploads\/sites\/2\/2019\/04\/oficio-6-lista-escolas-confimadas-1.pdf\">Baixe a rela\u00e7\u00e3o de escolas (em pdf)<\/a>.<\/p>\n","protected":false},"excerpt":{"rendered":"<p>Estudantes de Juiz de Fora e de mais oito escolas de cidades de Minas Gerais e Rio de Janeiro tiveram o agendamento confirmado para visita ao Jardim Bot\u00e2nico da Universidade Federal de Juiz de Fora (UFJF): Andrel\u00e2ndia, Comendador Levy Gasparian (RJ), Lagoa Dourada, Matias Barbosa, Piau, S\u00e3o Jo\u00e3o Nepomuceno, Santos Dumont e Sim\u00e3o Pereira. A [&hellip;]<\/p>\n","protected":false},"author":96,"featured_media":137780,"comment_status":"closed","ping_status":"closed","sticky":false,"template":"","format":"standard","meta":{"footnotes":""},"categories":[253,436,440,439],"tags":[],"class_list":["post-137779","post","type-post","status-publish","format-standard","has-post-thumbnail","hentry","category-cidade","category-destaque-da-semana","category-destaques-do-dia","category-ultima-hora"],"_links":{"self":[{"href":"https:\/\/diarioregionaldigital.com.br\/index.php?rest_route=\/wp\/v2\/posts\/137779","targetHints":{"allow":["GET"]}}],"collection":[{"href":"https:\/\/diarioregionaldigital.com.br\/index.php?rest_route=\/wp\/v2\/posts"}],"about":[{"href":"https:\/\/diarioregionaldigital.com.br\/index.php?rest_route=\/wp\/v2\/types\/post"}],"author":[{"embeddable":true,"href":"https:\/\/diarioregionaldigital.com.br\/index.php?rest_route=\/wp\/v2\/users\/96"}],"replies":[{"embeddable":true,"href":"https:\/\/diarioregionaldigital.com.br\/index.php?rest_route=%2Fwp%2Fv2%2Fcomments&post=137779"}],"version-history":[{"count":0,"href":"https:\/\/diarioregionaldigital.com.br\/index.php?rest_route=\/wp\/v2\/posts\/137779\/revisions"}],"wp:featuredmedia":[{"embeddable":true,"href":"https:\/\/diarioregionaldigital.com.br\/index.php?rest_route=\/wp\/v2\/media\/137780"}],"wp:attachment":[{"href":"https:\/\/diarioregionaldigital.com.br\/index.php?rest_route=%2Fwp%2Fv2%2Fmedia&parent=137779"}],"wp:term":[{"taxonomy":"category","embeddable":true,"href":"https:\/\/diarioregionaldigital.com.br\/index.php?rest_route=%2Fwp%2Fv2%2Fcategories&post=137779"},{"taxonomy":"post_tag","embeddable":true,"href":"https:\/\/diarioregionaldigital.com.br\/index.php?rest_route=%2Fwp%2Fv2%2Ftags&post=137779"}],"curies":[{"name":"wp","href":"https:\/\/api.w.org\/{rel}","templated":true}]}}