{"id":137767,"date":"2019-04-09T14:18:26","date_gmt":"2019-04-09T17:18:26","guid":{"rendered":"https:\/\/diarioregionaldigital.com.br\/?p=137767"},"modified":"2019-04-09T14:18:26","modified_gmt":"2019-04-09T17:18:26","slug":"moro-diz-estar-confiante-com-projeto-anticrime-do-senado","status":"publish","type":"post","link":"https:\/\/diarioregionaldigital.com.br\/?p=137767","title":{"rendered":"Moro diz estar confiante com projeto anticrime do Senado"},"content":{"rendered":"<p>O ministro da Justi\u00e7a, Sergio Moro, esteve no gabinete do senador Marcos do Val (Cidadania-ES) na tarde dessa segunda-feira, 8, para discutir pontos do pacote anticrime que tramita no Senado desde o in\u00edcio de abril. O projeto \u00e9 id\u00eantico ao apresentado pelo governo federal \u2013 e\u00a0entregue \u00a0pelo pr\u00f3prio ministro\u00a0\u2013 \u00e0 C\u00e2mara dos Deputados. A ideia \u00e9 dar celeridade \u00e0s discuss\u00f5es e vota\u00e7\u00f5es do projeto pelo Senado enquanto os deputados priorizam a reforma da Previd\u00eancia.<\/p>\n<p>\u201cFui convidado pelo senador Marcos do Val para discutir o projeto de lei anticrime. Ele \u00e9 relator de um dos projetos. Viemos conversar, ouvimos sugest\u00f5es, cr\u00edticas e temos a confian\u00e7a de que o projeto est\u00e1 em boas m\u00e3os\u201d, disse o ministro, na sa\u00edda da reuni\u00e3o.<\/p>\n<p>O senador tamb\u00e9m saiu satisfeito e destacou a disposi\u00e7\u00e3o de Moro para o di\u00e1logo. \u201c[O encontro] foi muito produtivo, ele se colocou aberto \u00e0s sugest\u00f5es que colocamos\u201d, disse Marcos do Val. \u201cEle est\u00e1 mais otimista que aqui vai tramitar mais r\u00e1pido porque, na C\u00e2mara, o foco est\u00e1 sendo outro [a reforma da Previd\u00eancia]. Ent\u00e3o, a gente quer dar velocidade aqui para que os dois projetos possam ter um resultado r\u00e1pido\u201d.<\/p>\n<p>O pacote, apresentado pela senadora Eliziane Gama (Cidadania-MA), \u00e9 composto de tr\u00eas projetos. O primeiro, relatado por Marcos do Val, prop\u00f5e altera\u00e7\u00f5es nos c\u00f3digos Penal e de Processo Penal; outro tipifica o crime de caixa 2 no C\u00f3digo Eleitoral, e ser\u00e1 relatado por Marcio Bittar (MDB-AC). O terceiro projeto do pacote determina que o julgamento de crimes comuns relacionados \u00e0s elei\u00e7\u00f5es seja realizado pela Justi\u00e7a comum, inclusive o caixa 2. Esse \u00faltimo ser\u00e1 relatado por Rodrigo Pacheco (DEM-MG).<\/p>\n<p>Antes do pacote ser apresentado no Senado, tanto Moro quanto o presidente da C\u00e2mara, Rodrigo Maia, foram consultados. Segundo Marcos do Val, ambos entenderam que \u201cseria interessante\u201d iniciar a tramita\u00e7\u00e3o pelo Senado. Ao chegar na C\u00e2mara, por\u00e9m, o projeto ser\u00e1 discutido e poder\u00e1 sofrer altera\u00e7\u00f5es. \u201cQuando chegar l\u00e1 pode ser adaptado, inclu\u00eddo. Cada Casa vai ter sua decis\u00e3o. N\u00f3s vamos fazer nossa parte de entregar da melhor forma poss\u00edvel\u201d.<\/p>\n<p>&nbsp;<\/p>\n<p>Fonte: Ag\u00eancia Brasil<\/p>\n","protected":false},"excerpt":{"rendered":"<p>O ministro da Justi\u00e7a, Sergio Moro, esteve no gabinete do senador Marcos do Val (Cidadania-ES) na tarde dessa segunda-feira, 8, para discutir pontos do pacote anticrime que tramita no Senado desde o in\u00edcio de abril. O projeto \u00e9 id\u00eantico ao apresentado pelo governo federal \u2013 e\u00a0entregue \u00a0pelo pr\u00f3prio ministro\u00a0\u2013 \u00e0 C\u00e2mara dos Deputados. A ideia [&hellip;]<\/p>\n","protected":false},"author":96,"featured_media":137768,"comment_status":"closed","ping_status":"closed","sticky":false,"template":"","format":"standard","meta":{"footnotes":""},"categories":[436,262,254,439],"tags":[],"class_list":["post-137767","post","type-post","status-publish","format-standard","has-post-thumbnail","hentry","category-destaque-da-semana","category-noticias","category-politica","category-ultima-hora"],"_links":{"self":[{"href":"https:\/\/diarioregionaldigital.com.br\/index.php?rest_route=\/wp\/v2\/posts\/137767","targetHints":{"allow":["GET"]}}],"collection":[{"href":"https:\/\/diarioregionaldigital.com.br\/index.php?rest_route=\/wp\/v2\/posts"}],"about":[{"href":"https:\/\/diarioregionaldigital.com.br\/index.php?rest_route=\/wp\/v2\/types\/post"}],"author":[{"embeddable":true,"href":"https:\/\/diarioregionaldigital.com.br\/index.php?rest_route=\/wp\/v2\/users\/96"}],"replies":[{"embeddable":true,"href":"https:\/\/diarioregionaldigital.com.br\/index.php?rest_route=%2Fwp%2Fv2%2Fcomments&post=137767"}],"version-history":[{"count":0,"href":"https:\/\/diarioregionaldigital.com.br\/index.php?rest_route=\/wp\/v2\/posts\/137767\/revisions"}],"wp:featuredmedia":[{"embeddable":true,"href":"https:\/\/diarioregionaldigital.com.br\/index.php?rest_route=\/wp\/v2\/media\/137768"}],"wp:attachment":[{"href":"https:\/\/diarioregionaldigital.com.br\/index.php?rest_route=%2Fwp%2Fv2%2Fmedia&parent=137767"}],"wp:term":[{"taxonomy":"category","embeddable":true,"href":"https:\/\/diarioregionaldigital.com.br\/index.php?rest_route=%2Fwp%2Fv2%2Fcategories&post=137767"},{"taxonomy":"post_tag","embeddable":true,"href":"https:\/\/diarioregionaldigital.com.br\/index.php?rest_route=%2Fwp%2Fv2%2Ftags&post=137767"}],"curies":[{"name":"wp","href":"https:\/\/api.w.org\/{rel}","templated":true}]}}