{"id":137765,"date":"2019-04-09T14:14:20","date_gmt":"2019-04-09T17:14:20","guid":{"rendered":"https:\/\/diarioregionaldigital.com.br\/?p=137765"},"modified":"2019-04-09T14:14:20","modified_gmt":"2019-04-09T17:14:20","slug":"guedes-uma-reforma-da-previdencia-sera-aprovada-nao-tenho-duvidas","status":"publish","type":"post","link":"https:\/\/diarioregionaldigital.com.br\/?p=137765","title":{"rendered":"Guedes: &#8220;Uma reforma da Previd\u00eancia ser\u00e1 aprovada. N\u00e3o tenho d\u00favidas&#8221;"},"content":{"rendered":"<p>\u201cUma reforma [da Previd\u00eancia Social] ser\u00e1 aprovada. Eu n\u00e3o tenho d\u00favidas\u201d. A afirma\u00e7\u00e3o \u00e9 do ministro da Economia, Paulo Guedes, que participou em Bras\u00edlia, junto com o presidente da C\u00e2mara dos Deputados, Rodrigo Maia (DEM-RJ), de um debate sobre os 100 primeiros dias do governo Jair Bolsonaro.<\/p>\n<p>Durante o evento\u00a0<em>\u201cE agora, Brasil?\u201d<\/em>, realizado pelos jornais\u00a0<em>O Globo<\/em>\u00a0e\u00a0<em>Valor Econ\u00f4mico<\/em>, afirmou que a aprova\u00e7\u00e3o da Proposta de Emenda Constitucional n\u00b0 6\/19 vai gerar \u201cmobiliza\u00e7\u00e3o pelos estados e pelos munic\u00edpios\u201d que est\u00e3o \u201cquebrados\u201d, com dificuldades nas contas p\u00fablicas, entre outras raz\u00f5es, por causa de gastos obrigat\u00f3rios, como o pagamento do funcionalismo na ativa e aposentados.<\/p>\n<p>Paulo Guedes considera o descontrole do gasto p\u00fablico como principal vil\u00e3o da economia brasileira, ap\u00f3s a retomada da democracia (1985), e que os d\u00e9ficits geraram problemas de alta de juros e de impostos. \u201cO governo gasta muito e gasta mal\u201d. Segundo ele, \u201ctodo ano tem uma crise fiscal que n\u00e3o acaba\u201d.<\/p>\n<p>De acordo com o ministro, a Previd\u00eancia Social \u00e9 o principal item de despesa do Or\u00e7amento federal e gera desigualdades entre quem est\u00e1 segurado, e entre esses e quem n\u00e3o est\u00e1 segurado. \u201d\u00c9 uma f\u00e1brica de privil\u00e9gios\u201d, apontou. O ministro defende a aprova\u00e7\u00e3o da proposta enviada pelo governo na \u00edntegra, \u201cela vai em cima de quem ganha mais\u201d, e repetiu que a medida permitir\u00e1 economia de R$ 1 trilh\u00e3o em 10 anos e viabilizar\u00e1 e a transi\u00e7\u00e3o do atual sistema para novo modelo.<\/p>\n<h2>Articula\u00e7\u00e3o pol\u00edtica<\/h2>\n<p>O presidente da C\u00e2mara dos Deputados tamb\u00e9m defendeu a PEC e assinalou que \u201cpara a pol\u00edtica a reforma [da Previd\u00eancia] \u00e9 o cora\u00e7\u00e3o da recupera\u00e7\u00e3o\u201d. Em sua opini\u00e3o, \u201csem a reforma, vamos para um caminho tenebroso da nossa democracia e da nossa economia\u201d.<\/p>\n<p>Maia fez quest\u00e3o de lembrar sua disposi\u00e7\u00e3o de ver a medida aprovada e lembrou que votou e articulou no passado a aprova\u00e7\u00e3o de medidas de controle de gastos no governo de Dilma Rousseff e de Michel Temer. Ele, no entanto, negou a possibilidade de retomar a articula\u00e7\u00e3o pela vota\u00e7\u00e3o da reforma. \u201cN\u00e3o tenho condi\u00e7\u00f5es de ser articulador pol\u00edtico. Perdi o papel porque fui mal interpretado\u201d.<\/p>\n<p>O presidente da C\u00e2mara se disp\u00f4s a colocar a reforma em vota\u00e7\u00e3o quando o governo quiser, mas n\u00e3o garantiu aprova\u00e7\u00e3o. Ele acha que \u201ca data \u00e9 irrelevante. Relevante \u00e9 a economia\u201d.<\/p>\n<h2>Outras medidas<\/h2>\n<p>Paulo Guedes espera que o BNDES devolva este ano R$ 126 bilh\u00f5es tomados de empr\u00e9stimo do Tesouro Nacional durante o governo Dilma. \u201cVamos despedalar o BNDES\u201d, prometeu. Al\u00e9m desses recursos, o ministro da Economia acredita que tamb\u00e9m poder\u00e1 recuperar R$ 80 bilh\u00f5es emprestados pelo Tesouro ao Banco do Brasil e \u00e0 Caixa Econ\u00f4mica com a venda de ativos de dois bancos, e possa obter outros R$ 80 bilh\u00f5es com privatiza\u00e7\u00e3o de empresas estatais. Os recursos poder\u00e3o viabilizar elimina\u00e7\u00e3o do d\u00e9ficit prim\u00e1rio este ano.<\/p>\n<p>Guedes defendeu melhor reparti\u00e7\u00e3o de recursos arrecadados entre o governo federal e os governos estaduais e prefeituras, inclusive que 70% do pagamento a receber (de cess\u00e3o onerosa da explora\u00e7\u00e3o do pr\u00e9-sal) da Petrobras seja destinado aos estados e munic\u00edpios. Rodrigo Maia assinalou que a medida indicada pelo ministro depende de emenda constitucional.<\/p>\n<p>Maia e Guedes ainda defenderam a retomada da reforma tribut\u00e1ria. O presidente da C\u00e2mara lembrou que a proposta tratada em comiss\u00e3o especial da Casa na legislatura passada e o ministro da Economia disse querer \u201csinalizar com simplifica\u00e7\u00e3o [para empresas e contribuintes]. \u201cPIS e Contribui\u00e7\u00e3o do lucro l\u00edquido em um neg\u00f3cio s\u00f3. Dar uma enxugada, diminuir e caminhar para redu\u00e7\u00e3o de al\u00edquotas\u201d.<\/p>\n<p>&nbsp;<\/p>\n<p>Foto: Ag\u00eancia Brasil<\/p>\n","protected":false},"excerpt":{"rendered":"<p>\u201cUma reforma [da Previd\u00eancia Social] ser\u00e1 aprovada. Eu n\u00e3o tenho d\u00favidas\u201d. A afirma\u00e7\u00e3o \u00e9 do ministro da Economia, Paulo Guedes, que participou em Bras\u00edlia, junto com o presidente da C\u00e2mara dos Deputados, Rodrigo Maia (DEM-RJ), de um debate sobre os 100 primeiros dias do governo Jair Bolsonaro. Durante o evento\u00a0\u201cE agora, Brasil?\u201d, realizado pelos jornais\u00a0O [&hellip;]<\/p>\n","protected":false},"author":96,"featured_media":133443,"comment_status":"closed","ping_status":"closed","sticky":false,"template":"","format":"standard","meta":{"footnotes":""},"categories":[440,262,254,439],"tags":[],"class_list":["post-137765","post","type-post","status-publish","format-standard","has-post-thumbnail","hentry","category-destaques-do-dia","category-noticias","category-politica","category-ultima-hora"],"_links":{"self":[{"href":"https:\/\/diarioregionaldigital.com.br\/index.php?rest_route=\/wp\/v2\/posts\/137765","targetHints":{"allow":["GET"]}}],"collection":[{"href":"https:\/\/diarioregionaldigital.com.br\/index.php?rest_route=\/wp\/v2\/posts"}],"about":[{"href":"https:\/\/diarioregionaldigital.com.br\/index.php?rest_route=\/wp\/v2\/types\/post"}],"author":[{"embeddable":true,"href":"https:\/\/diarioregionaldigital.com.br\/index.php?rest_route=\/wp\/v2\/users\/96"}],"replies":[{"embeddable":true,"href":"https:\/\/diarioregionaldigital.com.br\/index.php?rest_route=%2Fwp%2Fv2%2Fcomments&post=137765"}],"version-history":[{"count":0,"href":"https:\/\/diarioregionaldigital.com.br\/index.php?rest_route=\/wp\/v2\/posts\/137765\/revisions"}],"wp:featuredmedia":[{"embeddable":true,"href":"https:\/\/diarioregionaldigital.com.br\/index.php?rest_route=\/wp\/v2\/media\/133443"}],"wp:attachment":[{"href":"https:\/\/diarioregionaldigital.com.br\/index.php?rest_route=%2Fwp%2Fv2%2Fmedia&parent=137765"}],"wp:term":[{"taxonomy":"category","embeddable":true,"href":"https:\/\/diarioregionaldigital.com.br\/index.php?rest_route=%2Fwp%2Fv2%2Fcategories&post=137765"},{"taxonomy":"post_tag","embeddable":true,"href":"https:\/\/diarioregionaldigital.com.br\/index.php?rest_route=%2Fwp%2Fv2%2Ftags&post=137765"}],"curies":[{"name":"wp","href":"https:\/\/api.w.org\/{rel}","templated":true}]}}