{"id":137762,"date":"2019-04-09T14:09:03","date_gmt":"2019-04-09T17:09:03","guid":{"rendered":"https:\/\/diarioregionaldigital.com.br\/?p=137762"},"modified":"2019-04-09T14:09:03","modified_gmt":"2019-04-09T17:09:03","slug":"carlos-ghosn-se-diz-inocente-em-video-divulgado-por-seus-advogados","status":"publish","type":"post","link":"https:\/\/diarioregionaldigital.com.br\/?p=137762","title":{"rendered":"Carlos Ghosn se diz inocente em v\u00eddeo divulgado por seus advogados"},"content":{"rendered":"<p>Os advogados do empres\u00e1rio franco-brasileiro Carlos Ghosn, de 64 anos, divulgaram um v\u00eddeo no qual o ex-presidente do Conselho de Administra\u00e7\u00e3o da Nissan fala pela primeira vez ao p\u00fablico. As imagens foram gravadas antes de sua mais recente pris\u00e3o. Como j\u00e1 fez anteriormente, disse ser inocente e n\u00e3o entrou em detalhes a respeito das den\u00fancias contra ele.<\/p>\n<p>No v\u00eddeo, com dura\u00e7\u00e3o aproximada de oito minutos, Ghosn chama todas as acusa\u00e7\u00f5es de tendenciosas, tiradas de contexto e distorcidas para mostr\u00e1-lo como um ditador ganancioso.<\/p>\n<p>Carlos Ghosn defendeu sua gest\u00e3o e afirmou que as alega\u00e7\u00f5es contra ele s\u00e3o resultado de conspira\u00e7\u00e3o e trai\u00e7\u00e3o.<\/p>\n<p>O executivo declarou temer que a autonomia da montadora japonesa fosse amea\u00e7ada por sua alian\u00e7a com a fabricante francesa Renault.<\/p>\n<p>Os advogados disseram ter editado o v\u00eddeo, omitindo a men\u00e7\u00e3o de nomes espec\u00edficos feita por Ghosn. Contudo, ele acusou executivos da Nissan de m\u00e1 gest\u00e3o e falta de vis\u00e3o para o futuro.<\/p>\n<p>Carlos Ghosn reiterou seu amor pela empresa e pelo Jap\u00e3o, concluindo que sua maior esperan\u00e7a \u00e9 ter um julgamento justo para que possa ser &#8220;inocentado&#8221;.<\/p>\n<p>&nbsp;<\/p>\n<p>Fonte: Ag\u00eancia Brasil<\/p>\n","protected":false},"excerpt":{"rendered":"<p>Os advogados do empres\u00e1rio franco-brasileiro Carlos Ghosn, de 64 anos, divulgaram um v\u00eddeo no qual o ex-presidente do Conselho de Administra\u00e7\u00e3o da Nissan fala pela primeira vez ao p\u00fablico. As imagens foram gravadas antes de sua mais recente pris\u00e3o. Como j\u00e1 fez anteriormente, disse ser inocente e n\u00e3o entrou em detalhes a respeito das den\u00fancias [&hellip;]<\/p>\n","protected":false},"author":96,"featured_media":137763,"comment_status":"closed","ping_status":"closed","sticky":false,"template":"","format":"standard","meta":{"footnotes":""},"categories":[302,436,262,439],"tags":[],"class_list":["post-137762","post","type-post","status-publish","format-standard","has-post-thumbnail","hentry","category-brasil-mundo","category-destaque-da-semana","category-noticias","category-ultima-hora"],"_links":{"self":[{"href":"https:\/\/diarioregionaldigital.com.br\/index.php?rest_route=\/wp\/v2\/posts\/137762","targetHints":{"allow":["GET"]}}],"collection":[{"href":"https:\/\/diarioregionaldigital.com.br\/index.php?rest_route=\/wp\/v2\/posts"}],"about":[{"href":"https:\/\/diarioregionaldigital.com.br\/index.php?rest_route=\/wp\/v2\/types\/post"}],"author":[{"embeddable":true,"href":"https:\/\/diarioregionaldigital.com.br\/index.php?rest_route=\/wp\/v2\/users\/96"}],"replies":[{"embeddable":true,"href":"https:\/\/diarioregionaldigital.com.br\/index.php?rest_route=%2Fwp%2Fv2%2Fcomments&post=137762"}],"version-history":[{"count":0,"href":"https:\/\/diarioregionaldigital.com.br\/index.php?rest_route=\/wp\/v2\/posts\/137762\/revisions"}],"wp:featuredmedia":[{"embeddable":true,"href":"https:\/\/diarioregionaldigital.com.br\/index.php?rest_route=\/wp\/v2\/media\/137763"}],"wp:attachment":[{"href":"https:\/\/diarioregionaldigital.com.br\/index.php?rest_route=%2Fwp%2Fv2%2Fmedia&parent=137762"}],"wp:term":[{"taxonomy":"category","embeddable":true,"href":"https:\/\/diarioregionaldigital.com.br\/index.php?rest_route=%2Fwp%2Fv2%2Fcategories&post=137762"},{"taxonomy":"post_tag","embeddable":true,"href":"https:\/\/diarioregionaldigital.com.br\/index.php?rest_route=%2Fwp%2Fv2%2Ftags&post=137762"}],"curies":[{"name":"wp","href":"https:\/\/api.w.org\/{rel}","templated":true}]}}