{"id":137760,"date":"2019-04-09T14:03:52","date_gmt":"2019-04-09T17:03:52","guid":{"rendered":"https:\/\/diarioregionaldigital.com.br\/?p=137760"},"modified":"2019-04-09T14:03:52","modified_gmt":"2019-04-09T17:03:52","slug":"indicadores-do-mercado-de-trabalho-da-fgv-apresentam-piora-em-marco","status":"publish","type":"post","link":"https:\/\/diarioregionaldigital.com.br\/?p=137760","title":{"rendered":"Indicadores do mercado de trabalho da FGV apresentam piora em mar\u00e7o"},"content":{"rendered":"<p>Os dois indicadores da Funda\u00e7\u00e3o Getulio Vargas (FGV) que buscam analisar o mercado de trabalho apresentaram piora na passagem de fevereiro para mar\u00e7o. O Indicador Antecedente de Emprego (Iaemp) da FGV recuou 5,8 pontos, para 93,5 pontos em uma escala de zero a 200 pontos, o menor patamar desde outubro de 2018.<\/p>\n<p>O Iaemp busca antecipar tend\u00eancias do mercado de trabalho \u00e9 calculado com base em entrevistas com empres\u00e1rios da ind\u00fastria e dos servi\u00e7os e com consumidores. Segundo o economista da FGV Rodolpho Tobler, o resultado mostra que os empres\u00e1rios est\u00e3o mais cautelosos ap\u00f3s um per\u00edodo de aumento do otimismo.<\/p>\n<p>O Indicador Coincidente de Desemprego (ICD), calculado com base na opini\u00e3o dos\u00a0 consumidores sobre o mercado de trabalho atual, piorou 2 pontos em mar\u00e7o. O indicador subiu para 94,1 pontos, em uma escala de zero a 200 pontos em que quanto maior a pontua\u00e7\u00e3o pior \u00e9 a avalia\u00e7\u00e3o.<\/p>\n<p>Para Tobler, o ICD, em patamar elevado, retrata a situa\u00e7\u00e3o dif\u00edcil do mercado de trabalho.<\/p>\n<p>&nbsp;<\/p>\n<p>Fonte: Ag\u00eancia Brasil<\/p>\n","protected":false},"excerpt":{"rendered":"<p>Os dois indicadores da Funda\u00e7\u00e3o Getulio Vargas (FGV) que buscam analisar o mercado de trabalho apresentaram piora na passagem de fevereiro para mar\u00e7o. O Indicador Antecedente de Emprego (Iaemp) da FGV recuou 5,8 pontos, para 93,5 pontos em uma escala de zero a 200 pontos, o menor patamar desde outubro de 2018. O Iaemp busca [&hellip;]<\/p>\n","protected":false},"author":96,"featured_media":134889,"comment_status":"closed","ping_status":"closed","sticky":false,"template":"","format":"standard","meta":{"footnotes":""},"categories":[436,261,262,439],"tags":[],"class_list":["post-137760","post","type-post","status-publish","format-standard","has-post-thumbnail","hentry","category-destaque-da-semana","category-economia","category-noticias","category-ultima-hora"],"_links":{"self":[{"href":"https:\/\/diarioregionaldigital.com.br\/index.php?rest_route=\/wp\/v2\/posts\/137760","targetHints":{"allow":["GET"]}}],"collection":[{"href":"https:\/\/diarioregionaldigital.com.br\/index.php?rest_route=\/wp\/v2\/posts"}],"about":[{"href":"https:\/\/diarioregionaldigital.com.br\/index.php?rest_route=\/wp\/v2\/types\/post"}],"author":[{"embeddable":true,"href":"https:\/\/diarioregionaldigital.com.br\/index.php?rest_route=\/wp\/v2\/users\/96"}],"replies":[{"embeddable":true,"href":"https:\/\/diarioregionaldigital.com.br\/index.php?rest_route=%2Fwp%2Fv2%2Fcomments&post=137760"}],"version-history":[{"count":0,"href":"https:\/\/diarioregionaldigital.com.br\/index.php?rest_route=\/wp\/v2\/posts\/137760\/revisions"}],"wp:featuredmedia":[{"embeddable":true,"href":"https:\/\/diarioregionaldigital.com.br\/index.php?rest_route=\/wp\/v2\/media\/134889"}],"wp:attachment":[{"href":"https:\/\/diarioregionaldigital.com.br\/index.php?rest_route=%2Fwp%2Fv2%2Fmedia&parent=137760"}],"wp:term":[{"taxonomy":"category","embeddable":true,"href":"https:\/\/diarioregionaldigital.com.br\/index.php?rest_route=%2Fwp%2Fv2%2Fcategories&post=137760"},{"taxonomy":"post_tag","embeddable":true,"href":"https:\/\/diarioregionaldigital.com.br\/index.php?rest_route=%2Fwp%2Fv2%2Ftags&post=137760"}],"curies":[{"name":"wp","href":"https:\/\/api.w.org\/{rel}","templated":true}]}}