{"id":137755,"date":"2019-04-09T14:00:47","date_gmt":"2019-04-09T17:00:47","guid":{"rendered":"https:\/\/diarioregionaldigital.com.br\/?p=137755"},"modified":"2019-04-09T14:00:47","modified_gmt":"2019-04-09T17:00:47","slug":"alcolumbre-defende-leis-que-reduzam-dependencia-de-municipios-da-uniao","status":"publish","type":"post","link":"https:\/\/diarioregionaldigital.com.br\/?p=137755","title":{"rendered":"Alcolumbre defende leis que reduzam depend\u00eancia de munic\u00edpios da Uni\u00e3o"},"content":{"rendered":"<p>A rediscuss\u00e3o do pacto federativo foi o compromisso assumido nesta ter~\u00e7a-feira, 9, pelo presidente do Senado, Davi Alcolumbre (DEM-AP), com os prefeitos que participam da 22\u00aa \u00a0Marcha a Bras\u00edlia em Defesa dos Munic\u00edpios. Na abertura de evento, organizado pela Confedera\u00e7\u00e3o Nacional dos Munic\u00edpios (CNM), Alcolumbre disse que \u00e9 preciso formatar um novo modelo que &#8220;verdadeiramente&#8221; represente os anseios da democracia brasileira.<\/p>\n<p>\u201cDesde os tempos coloniais as organiza\u00e7\u00f5es administrativas do Brasil buscaram priorizar as representa\u00e7\u00f5es locais. Hoje, contudo, com a abusiva centralidade da Uni\u00e3o, temos testemunhado uma vergonhosa situa\u00e7\u00e3o de mendic\u00e2ncia em Bras\u00edlia, com prefeitos tendo que implorar recursos para ministros e parlamentares. Isso n\u00e3o pode mais continuar\u201d, disse, sob aplausos.<\/p>\n<p>Nesse sentido, ele lembrou a aprova\u00e7\u00e3o, no Senado, a partir de um acordo constru\u00eddo com lideres de partidos, da chamada PEC do Or\u00e7amento Impositivo (PEC 34 \/19), que torna obrigat\u00f3ria a execu\u00e7\u00e3o de emendas de parlamentares aprovadas na Lei Or\u00e7ament\u00e1ria.<\/p>\n<p>\u201cEmbora alguns possam argumentar que a retirada de autonomia do governo federal sobre parte do seu Or\u00e7amento possa comprometer determinados investimentos, creio, por outro lado, que isso representar\u00e1 importante passo na descentraliza\u00e7\u00e3o dos recursos para os munic\u00edpios\u201d, defendeu o presidente do Senado.<\/p>\n<p>Davi Alcolumbre avaliou ainda que a relev\u00e2ncia dessa mat\u00e9ria \u00e9 ainda maior quando consideradas as cidades menores, fora dos grandes centros econ\u00f4micos do pa\u00eds, para as quais as emendas parlamentares representam um vultuoso fluxo financeiro.<\/p>\n<p>Como sofreu altera\u00e7\u00f5es no Senado, a PEC do Or\u00e7amento Impositivo ser\u00e1 analisada novamente pela C\u00e2mara. Outra proposta legislativa que deve ser votada no Congresso \u00e9 a PEC 61\/2015, que autoriza a representa\u00e7\u00e3o e a apresenta\u00e7\u00e3o de emendas ao Projeto de Lei do Or\u00e7amento Anual (PLOA), diretamente ao fundo de participa\u00e7\u00e3o dos estados, do Distrito Federal e dos munic\u00edpios, com indica\u00e7\u00e3o do ente federativo a ser beneficiado, disse Alcolumbre. \u201cEst\u00e1 em linha, com a opini\u00e3o de que devemos sempre priorizar iniciativas que desburocratizem e tornem beneficentes os repasses\u201d, destacou.<\/p>\n<p>&nbsp;<\/p>\n<p>Fonte: Ag\u00eancia Brasil<\/p>\n","protected":false},"excerpt":{"rendered":"<p>A rediscuss\u00e3o do pacto federativo foi o compromisso assumido nesta ter~\u00e7a-feira, 9, pelo presidente do Senado, Davi Alcolumbre (DEM-AP), com os prefeitos que participam da 22\u00aa \u00a0Marcha a Bras\u00edlia em Defesa dos Munic\u00edpios. Na abertura de evento, organizado pela Confedera\u00e7\u00e3o Nacional dos Munic\u00edpios (CNM), Alcolumbre disse que \u00e9 preciso formatar um novo modelo que &#8220;verdadeiramente&#8221; [&hellip;]<\/p>\n","protected":false},"author":96,"featured_media":137756,"comment_status":"closed","ping_status":"closed","sticky":false,"template":"","format":"standard","meta":{"footnotes":""},"categories":[436,262,254,439],"tags":[],"class_list":["post-137755","post","type-post","status-publish","format-standard","has-post-thumbnail","hentry","category-destaque-da-semana","category-noticias","category-politica","category-ultima-hora"],"_links":{"self":[{"href":"https:\/\/diarioregionaldigital.com.br\/index.php?rest_route=\/wp\/v2\/posts\/137755","targetHints":{"allow":["GET"]}}],"collection":[{"href":"https:\/\/diarioregionaldigital.com.br\/index.php?rest_route=\/wp\/v2\/posts"}],"about":[{"href":"https:\/\/diarioregionaldigital.com.br\/index.php?rest_route=\/wp\/v2\/types\/post"}],"author":[{"embeddable":true,"href":"https:\/\/diarioregionaldigital.com.br\/index.php?rest_route=\/wp\/v2\/users\/96"}],"replies":[{"embeddable":true,"href":"https:\/\/diarioregionaldigital.com.br\/index.php?rest_route=%2Fwp%2Fv2%2Fcomments&post=137755"}],"version-history":[{"count":0,"href":"https:\/\/diarioregionaldigital.com.br\/index.php?rest_route=\/wp\/v2\/posts\/137755\/revisions"}],"wp:featuredmedia":[{"embeddable":true,"href":"https:\/\/diarioregionaldigital.com.br\/index.php?rest_route=\/wp\/v2\/media\/137756"}],"wp:attachment":[{"href":"https:\/\/diarioregionaldigital.com.br\/index.php?rest_route=%2Fwp%2Fv2%2Fmedia&parent=137755"}],"wp:term":[{"taxonomy":"category","embeddable":true,"href":"https:\/\/diarioregionaldigital.com.br\/index.php?rest_route=%2Fwp%2Fv2%2Fcategories&post=137755"},{"taxonomy":"post_tag","embeddable":true,"href":"https:\/\/diarioregionaldigital.com.br\/index.php?rest_route=%2Fwp%2Fv2%2Ftags&post=137755"}],"curies":[{"name":"wp","href":"https:\/\/api.w.org\/{rel}","templated":true}]}}