{"id":137753,"date":"2019-04-09T13:56:56","date_gmt":"2019-04-09T16:56:56","guid":{"rendered":"https:\/\/diarioregionaldigital.com.br\/?p=137753"},"modified":"2019-04-09T13:56:56","modified_gmt":"2019-04-09T16:56:56","slug":"tragedia-em-brumadinho-prejudica-industrias-de-minas-e-espirito-santo","status":"publish","type":"post","link":"https:\/\/diarioregionaldigital.com.br\/?p=137753","title":{"rendered":"Trag\u00e9dia em Brumadinho prejudica ind\u00fastrias de Minas e Esp\u00edrito Santo"},"content":{"rendered":"<p>O rompimento da barragem de Brumadinho (MG) provocou queda de 9,7% na ind\u00fastria do Esp\u00edrito Santo e de 4,7% na de Minas Gerais na passagem de janeiro para fevereiro. Esses foram os dois estados com maiores recuos na produ\u00e7\u00e3o industrial no per\u00edodo, segundo dados divulgados nesta ter\u00e7a-feira, 9, no Rio de Janeiro, pelo Instituto Brasileiro de Geografia e Estat\u00edstica (IBGE).<\/p>\n<p>Segundo Bernardo Almeida, analista da pesquisa, o resultado nos dois estados foi pressionado pela redu\u00e7\u00e3o na produ\u00e7\u00e3o de min\u00e9rio de ferro, ap\u00f3s o rompimento da barragem do C\u00f3rrego do Feij\u00e3o, em Brumadinho, em 25 de janeiro.<\/p>\n<p>Outros locais com queda na produ\u00e7\u00e3o industrial de janeiro para fevereiro foram Goi\u00e1s (-2,6%), Rio de Janeiro (-2,1%), Rio Grande do Sul (-1,4%) e Par\u00e1 (-0,1%).<\/p>\n<p>Ao mesmo tempo, nove dos 15 locais pesquisados pelo IBGE tiveram alta na produ\u00e7\u00e3o: Bahia (6,5%), Regi\u00e3o Nordeste (6,2%), Pernambuco (5,9%), S\u00e3o Paulo (2,6%), Mato Grosso (1,7%), Amazonas (1,5%), Paran\u00e1 (1,1%), Cear\u00e1 (1,1%) e Santa Catarina (0,5%). Na m\u00e9dia nacional, a ind\u00fastria cresceu 0,7%.<\/p>\n<h2>Outras compara\u00e7\u00f5es<\/h2>\n<p>Na compara\u00e7\u00e3o com fevereiro de 2018, a produ\u00e7\u00e3o industrial avan\u00e7ou em dez dos 15 locais pesquisados, com destaque para Par\u00e1 (12,7%) e Paran\u00e1 (10,8%). Mato Grosso e Regi\u00e3o Nordeste mantiveram-se est\u00e1veis.<\/p>\n<p>No acumulado do ano, houve perdas em sete dos quinze locais pesquisados, com destaque para o Esp\u00edrito Santo (-6,2%). Dois locais mantiveram-se est\u00e1veis (S\u00e3o Paulo e Minas Gerais) e seis tiveram alta. O maior avan\u00e7o ocorreu no Paran\u00e1 (10,3%).<\/p>\n<p>J\u00e1 no acumulado de 12 meses, oito dos 15 locais tiveram alta. A maior delas foi registrada no Par\u00e1 (9,1%). S\u00e3o Paulo mant\u00e9m-se est\u00e1vel. Seis locais apresentaram queda. Goi\u00e1s acumula a maior perda: -4%.<\/p>\n<p>&nbsp;<\/p>\n<p>Fonte: Ag\u00eancia Brasil<\/p>\n","protected":false},"excerpt":{"rendered":"<p>O rompimento da barragem de Brumadinho (MG) provocou queda de 9,7% na ind\u00fastria do Esp\u00edrito Santo e de 4,7% na de Minas Gerais na passagem de janeiro para fevereiro. Esses foram os dois estados com maiores recuos na produ\u00e7\u00e3o industrial no per\u00edodo, segundo dados divulgados nesta ter\u00e7a-feira, 9, no Rio de Janeiro, pelo Instituto Brasileiro [&hellip;]<\/p>\n","protected":false},"author":96,"featured_media":134360,"comment_status":"closed","ping_status":"closed","sticky":false,"template":"","format":"standard","meta":{"footnotes":""},"categories":[436,261,262,439],"tags":[],"class_list":["post-137753","post","type-post","status-publish","format-standard","has-post-thumbnail","hentry","category-destaque-da-semana","category-economia","category-noticias","category-ultima-hora"],"_links":{"self":[{"href":"https:\/\/diarioregionaldigital.com.br\/index.php?rest_route=\/wp\/v2\/posts\/137753","targetHints":{"allow":["GET"]}}],"collection":[{"href":"https:\/\/diarioregionaldigital.com.br\/index.php?rest_route=\/wp\/v2\/posts"}],"about":[{"href":"https:\/\/diarioregionaldigital.com.br\/index.php?rest_route=\/wp\/v2\/types\/post"}],"author":[{"embeddable":true,"href":"https:\/\/diarioregionaldigital.com.br\/index.php?rest_route=\/wp\/v2\/users\/96"}],"replies":[{"embeddable":true,"href":"https:\/\/diarioregionaldigital.com.br\/index.php?rest_route=%2Fwp%2Fv2%2Fcomments&post=137753"}],"version-history":[{"count":0,"href":"https:\/\/diarioregionaldigital.com.br\/index.php?rest_route=\/wp\/v2\/posts\/137753\/revisions"}],"wp:featuredmedia":[{"embeddable":true,"href":"https:\/\/diarioregionaldigital.com.br\/index.php?rest_route=\/wp\/v2\/media\/134360"}],"wp:attachment":[{"href":"https:\/\/diarioregionaldigital.com.br\/index.php?rest_route=%2Fwp%2Fv2%2Fmedia&parent=137753"}],"wp:term":[{"taxonomy":"category","embeddable":true,"href":"https:\/\/diarioregionaldigital.com.br\/index.php?rest_route=%2Fwp%2Fv2%2Fcategories&post=137753"},{"taxonomy":"post_tag","embeddable":true,"href":"https:\/\/diarioregionaldigital.com.br\/index.php?rest_route=%2Fwp%2Fv2%2Ftags&post=137753"}],"curies":[{"name":"wp","href":"https:\/\/api.w.org\/{rel}","templated":true}]}}