{"id":137750,"date":"2019-04-09T13:53:19","date_gmt":"2019-04-09T16:53:19","guid":{"rendered":"https:\/\/diarioregionaldigital.com.br\/?p=137750"},"modified":"2019-04-09T13:53:19","modified_gmt":"2019-04-09T16:53:19","slug":"operacao-conteiner-prende-suspeitos-de-fraudar-licitacoes-para-upas","status":"publish","type":"post","link":"https:\/\/diarioregionaldigital.com.br\/?p=137750","title":{"rendered":"Opera\u00e7\u00e3o Cont\u00eainer prende suspeitos de fraudar licita\u00e7\u00f5es para UPAs"},"content":{"rendered":"<p>Minist\u00e9rios P\u00fablicos de diversos estados deflagraram nesta ter\u00e7a-feira, 9, a Opera\u00e7\u00e3o Cont\u00eainer, com o objetivo de investigar um suposto cartel que fraudava licita\u00e7\u00f5es para a estrutura\u00e7\u00e3o de Unidades de Pronto Atendimento (UPAs). As suspeitas abrangem a entrega de materiais destinados a essas unidades entre 2009 e 2013, a partir de contratos celebrados entre a Secretaria de Sa\u00fade do DFe a empresa Metal\u00fargica Valen\u00e7a Ind\u00fastria e Com\u00e9rcio.<\/p>\n<p>A opera\u00e7\u00e3o conta com a participa\u00e7\u00e3o dos minist\u00e9rios p\u00fablicos de Goi\u00e1s, Minas Gerais,\u00a0 do Rio Grande do Norte, Rio de Janeiro e Distrito Federal, e conta com o apoio do Conselho Administrativo de Defesa Econ\u00f4mica (Cade). Nove mandados de pris\u00e3o preventiva e mais de 40 mandados de busca e apreens\u00e3o est\u00e3o sendo cumpridos nessas unidades federativas.<\/p>\n<p>Segundo os investigadores, a fraude, obtida a partir de contrata\u00e7\u00f5es suspeitas, pode ter movimentado mais de R$ 142 milh\u00f5es, em valores atualizados. De acordo com o MPDFT, provas j\u00e1 coletadas indicam a participa\u00e7\u00e3o de servidores p\u00fablicos na realiza\u00e7\u00e3o de \u201clicita\u00e7\u00f5es que beneficiariam a Metal\u00fargica Valen\u00e7a e seu propriet\u00e1rio, o empres\u00e1rio Ronald de Carvalho\u201d.<\/p>\n<p>Segundo o MPDFT, a organiza\u00e7\u00e3o criminosa tinha \u00e0 frente o ex-governador do Rio de Janeiro, S\u00e9rgio Cabral, que teria determinado o direcionamento de um preg\u00e3o no \u00e2mbito da Secretaria de Estado de Sa\u00fade do Rio de Janeiro ( Sesdec\/RJ) em favor da mesma metal\u00fargica.<\/p>\n<p>\u201cA partir da\u00ed, de acordo com as provas e depoimentos de colaboradores, iniciaram-se tratativas para o pagamento de propina em favor do grupo criminoso de S\u00e9rgio Cabral\u201d, informou o MPDFT. Tamb\u00e9m foi apontado o envolvimento do ex-secret\u00e1rio de Sa\u00fade do Rio de Janeiro, S\u00e9rgio Cortes, do empres\u00e1rio da \u00e1rea de produtos m\u00e9dico-hospitalares, Miguel Iskin e Arthur C\u00e9zar de Menezes Soares Filho, al\u00e9m de Ronald de Carvalho.<\/p>\n<p>Por meio de nota, o MPDFT informou que, at\u00e9 as 8h, haviam sido presos o ex-secret\u00e1rio de Sa\u00fade da SES\/DF, Rafael Barbosa; o ex-secret\u00e1rio adjunto de gest\u00e3o da SES\/DF, Fernando Ara\u00fajo; ex-secret\u00e1rio de sa\u00fade do DF, Elias Miziara; o ex-subsecret\u00e1rio de sa\u00fade do DF, Jos\u00e9 Falc\u00e3o; al\u00e9m de Edcler Carvalho, diretor comercial da Kompazo, empresa que vende produtos hospitalares, e Cla\u00fadio Haidamus.<\/p>\n<p>O grupo atuava com o prop\u00f3sito de expandir o \u201cprojeto das UPAS\u201d para todo o pa\u00eds. Para tanto foi acertado o pagamento de R$ 1 milh\u00e3o em propinas por cada unidade constru\u00edda. O DF foi uma das bases de expans\u00e3o dessa organiza\u00e7\u00e3o criminosa. Por meio dessas propinas, servidores da Secretaria de Sa\u00fade do DF acabaram aderindo \u00e0 fraude.<\/p>\n<p>Os envolvidos poder\u00e3o responder por crimes como o de organiza\u00e7\u00e3o criminosa, peculato e corrup\u00e7\u00e3o ativa e passiva, al\u00e9m de infra\u00e7\u00f5es administrativas e de crimes contra a ordem econ\u00f4mica.<\/p>\n<p>&nbsp;<\/p>\n<p>Fonte: Ag\u00eancia Brasil<\/p>\n","protected":false},"excerpt":{"rendered":"<p>Minist\u00e9rios P\u00fablicos de diversos estados deflagraram nesta ter\u00e7a-feira, 9, a Opera\u00e7\u00e3o Cont\u00eainer, com o objetivo de investigar um suposto cartel que fraudava licita\u00e7\u00f5es para a estrutura\u00e7\u00e3o de Unidades de Pronto Atendimento (UPAs). As suspeitas abrangem a entrega de materiais destinados a essas unidades entre 2009 e 2013, a partir de contratos celebrados entre a Secretaria [&hellip;]<\/p>\n","protected":false},"author":96,"featured_media":137751,"comment_status":"closed","ping_status":"closed","sticky":false,"template":"","format":"standard","meta":{"footnotes":""},"categories":[302,436,262,439],"tags":[],"class_list":["post-137750","post","type-post","status-publish","format-standard","has-post-thumbnail","hentry","category-brasil-mundo","category-destaque-da-semana","category-noticias","category-ultima-hora"],"_links":{"self":[{"href":"https:\/\/diarioregionaldigital.com.br\/index.php?rest_route=\/wp\/v2\/posts\/137750","targetHints":{"allow":["GET"]}}],"collection":[{"href":"https:\/\/diarioregionaldigital.com.br\/index.php?rest_route=\/wp\/v2\/posts"}],"about":[{"href":"https:\/\/diarioregionaldigital.com.br\/index.php?rest_route=\/wp\/v2\/types\/post"}],"author":[{"embeddable":true,"href":"https:\/\/diarioregionaldigital.com.br\/index.php?rest_route=\/wp\/v2\/users\/96"}],"replies":[{"embeddable":true,"href":"https:\/\/diarioregionaldigital.com.br\/index.php?rest_route=%2Fwp%2Fv2%2Fcomments&post=137750"}],"version-history":[{"count":0,"href":"https:\/\/diarioregionaldigital.com.br\/index.php?rest_route=\/wp\/v2\/posts\/137750\/revisions"}],"wp:featuredmedia":[{"embeddable":true,"href":"https:\/\/diarioregionaldigital.com.br\/index.php?rest_route=\/wp\/v2\/media\/137751"}],"wp:attachment":[{"href":"https:\/\/diarioregionaldigital.com.br\/index.php?rest_route=%2Fwp%2Fv2%2Fmedia&parent=137750"}],"wp:term":[{"taxonomy":"category","embeddable":true,"href":"https:\/\/diarioregionaldigital.com.br\/index.php?rest_route=%2Fwp%2Fv2%2Fcategories&post=137750"},{"taxonomy":"post_tag","embeddable":true,"href":"https:\/\/diarioregionaldigital.com.br\/index.php?rest_route=%2Fwp%2Fv2%2Ftags&post=137750"}],"curies":[{"name":"wp","href":"https:\/\/api.w.org\/{rel}","templated":true}]}}