{"id":137743,"date":"2019-04-08T23:02:42","date_gmt":"2019-04-09T02:02:42","guid":{"rendered":"https:\/\/diarioregionaldigital.com.br\/?p=137743"},"modified":"2019-04-08T23:02:42","modified_gmt":"2019-04-09T02:02:42","slug":"atletas-sao-remanejados-apos-interdicao-de-alojamento-no-tupi","status":"publish","type":"post","link":"https:\/\/diarioregionaldigital.com.br\/?p=137743","title":{"rendered":"Atletas s\u00e3o remanejados ap\u00f3s interdi\u00e7\u00e3o de alojamento no Tupi"},"content":{"rendered":"<p>Na \u00faltima sexta-feira, 5, o Tupi recebeu uma vistoria do Corpo de Bombeiros e teve\u00a0 alojamento interditado. De acordo com o Corpo de Bombeiros, a medida na sede carij\u00f3 foi motivada por falta de equipamento de seguran\u00e7a contra inc\u00eandio e p\u00e2nico e fia\u00e7\u00e3o el\u00e9trica exposta. Entre os fatores citados pelos Bombeiros est\u00e1 obstru\u00e7\u00e3o em \u00fanica rota de fuga do local. Na quinta, um dia antes da a\u00e7\u00e3o dos bombeiros,\u00a0a sede social do Carij\u00f3 ficou sem luz.<\/p>\n<p>A diretoria informou nesta segunda-feira, 8, que os atletas foram liberados e que apenas seis jogadores precisaram ser remanejados por dois dias, em dormit\u00f3rios provis\u00f3rios.<\/p>\n<p>Questionados se os atletas haviam sido encaminhados para quadras ou sal\u00f5es de festas, a diretoria negou e disse ter disponibilizado casas alugadas e hot\u00e9is parceiros \u2013 onde j\u00e1 residem alguns atletas \u2013 para moradia dos atletas remanejados em virtude da interdi\u00e7\u00e3o.<\/p>\n<p>A diretoria informa ainda que est\u00e1 tomando todas as provid\u00eancias afim de regularizar a situa\u00e7\u00e3o o quanto antes, mantendo o foco na prepara\u00e7\u00e3o para a estreia do Sub-20 no Campeonato Mineiro e na s\u00e9rie D.<\/p>\n<p><strong>Nota do Tupi:<\/strong><\/p>\n<p><em>\u201cO nosso alojamento tem a capacidade para 35 jogadores. No momento da interdi\u00e7\u00e3o tinham no local cerca de 28 atletas. J\u00e1 estamos trabalhando para dar o maior conforto e seguran\u00e7a para os nossos atletas, tanto que j\u00e1 encaminhamos a Prefeitura a documenta\u00e7\u00e3o necess\u00e1ria, mas tivemos exig\u00eancias dos bombeiros, o que ocasionou a interdi\u00e7\u00e3o. Liberamos nossos atletas que j\u00e1 est\u00e3o sendo remanejados em novas loca\u00e7\u00f5es e est\u00e3o tendo todo apoio e aten\u00e7\u00e3o. Prezamos sempre pela seguran\u00e7a dos nossos atletas e parabenizamos os bombeiros pela atua\u00e7\u00e3o.\u201d<\/em><\/p>\n","protected":false},"excerpt":{"rendered":"<p>Na \u00faltima sexta-feira, 5, o Tupi recebeu uma vistoria do Corpo de Bombeiros e teve\u00a0 alojamento interditado. De acordo com o Corpo de Bombeiros, a medida na sede carij\u00f3 foi motivada por falta de equipamento de seguran\u00e7a contra inc\u00eandio e p\u00e2nico e fia\u00e7\u00e3o el\u00e9trica exposta. Entre os fatores citados pelos Bombeiros est\u00e1 obstru\u00e7\u00e3o em \u00fanica [&hellip;]<\/p>\n","protected":false},"author":96,"featured_media":137744,"comment_status":"closed","ping_status":"closed","sticky":false,"template":"","format":"standard","meta":{"footnotes":""},"categories":[257,439],"tags":[],"class_list":["post-137743","post","type-post","status-publish","format-standard","has-post-thumbnail","hentry","category-esporte","category-ultima-hora"],"_links":{"self":[{"href":"https:\/\/diarioregionaldigital.com.br\/index.php?rest_route=\/wp\/v2\/posts\/137743","targetHints":{"allow":["GET"]}}],"collection":[{"href":"https:\/\/diarioregionaldigital.com.br\/index.php?rest_route=\/wp\/v2\/posts"}],"about":[{"href":"https:\/\/diarioregionaldigital.com.br\/index.php?rest_route=\/wp\/v2\/types\/post"}],"author":[{"embeddable":true,"href":"https:\/\/diarioregionaldigital.com.br\/index.php?rest_route=\/wp\/v2\/users\/96"}],"replies":[{"embeddable":true,"href":"https:\/\/diarioregionaldigital.com.br\/index.php?rest_route=%2Fwp%2Fv2%2Fcomments&post=137743"}],"version-history":[{"count":0,"href":"https:\/\/diarioregionaldigital.com.br\/index.php?rest_route=\/wp\/v2\/posts\/137743\/revisions"}],"wp:featuredmedia":[{"embeddable":true,"href":"https:\/\/diarioregionaldigital.com.br\/index.php?rest_route=\/wp\/v2\/media\/137744"}],"wp:attachment":[{"href":"https:\/\/diarioregionaldigital.com.br\/index.php?rest_route=%2Fwp%2Fv2%2Fmedia&parent=137743"}],"wp:term":[{"taxonomy":"category","embeddable":true,"href":"https:\/\/diarioregionaldigital.com.br\/index.php?rest_route=%2Fwp%2Fv2%2Fcategories&post=137743"},{"taxonomy":"post_tag","embeddable":true,"href":"https:\/\/diarioregionaldigital.com.br\/index.php?rest_route=%2Fwp%2Fv2%2Ftags&post=137743"}],"curies":[{"name":"wp","href":"https:\/\/api.w.org\/{rel}","templated":true}]}}