{"id":137736,"date":"2019-04-08T22:55:36","date_gmt":"2019-04-09T01:55:36","guid":{"rendered":"https:\/\/diarioregionaldigital.com.br\/?p=137736"},"modified":"2019-04-08T22:55:36","modified_gmt":"2019-04-09T01:55:36","slug":"vasco-dispensa-thiago-galhardo","status":"publish","type":"post","link":"https:\/\/diarioregionaldigital.com.br\/?p=137736","title":{"rendered":"Vasco dispensa Thiago Galhardo"},"content":{"rendered":"<p>O Vasco divulgou neste domingo, 7, que o meia Thiago Galhardo n\u00e3o faz mais parte dos planos do clube. O meia \u2013 que tem contrato at\u00e9 o fim do ano com o clube \u2013 j\u00e1 havia sido cortado da rela\u00e7\u00e3o para a semifinal contra o Bangu, jogo vencido pelo Vasco por 2 a 1 neste domingo.<\/p>\n<p>O clube n\u00e3o informou o motivo da decis\u00e3o e a ideia da diretoria n\u00e3o \u00e9 partir para a rescis\u00e3o de contrato, mas negociar o atleta. Enquanto isso, ele treina separado do elenco, junto com jogadores que n\u00e3o vem sendo utilizados.<\/p>\n<p>O cruzmaltino venceu com dificuldade o Bangu, neste domingo. Com o resultado, deu Vasco e Flamengo na final do Carioca. O primeiro jogo vai acontecer no pr\u00f3ximo domingo, \u00e0s 16h, no Maracan\u00e3, sem vantagem para nenhum dos times na decis\u00e3o.<\/p>\n","protected":false},"excerpt":{"rendered":"<p>O Vasco divulgou neste domingo, 7, que o meia Thiago Galhardo n\u00e3o faz mais parte dos planos do clube. O meia \u2013 que tem contrato at\u00e9 o fim do ano com o clube \u2013 j\u00e1 havia sido cortado da rela\u00e7\u00e3o para a semifinal contra o Bangu, jogo vencido pelo Vasco por 2 a 1 neste [&hellip;]<\/p>\n","protected":false},"author":96,"featured_media":137737,"comment_status":"closed","ping_status":"closed","sticky":false,"template":"","format":"standard","meta":{"footnotes":""},"categories":[257,439],"tags":[],"class_list":["post-137736","post","type-post","status-publish","format-standard","has-post-thumbnail","hentry","category-esporte","category-ultima-hora"],"_links":{"self":[{"href":"https:\/\/diarioregionaldigital.com.br\/index.php?rest_route=\/wp\/v2\/posts\/137736","targetHints":{"allow":["GET"]}}],"collection":[{"href":"https:\/\/diarioregionaldigital.com.br\/index.php?rest_route=\/wp\/v2\/posts"}],"about":[{"href":"https:\/\/diarioregionaldigital.com.br\/index.php?rest_route=\/wp\/v2\/types\/post"}],"author":[{"embeddable":true,"href":"https:\/\/diarioregionaldigital.com.br\/index.php?rest_route=\/wp\/v2\/users\/96"}],"replies":[{"embeddable":true,"href":"https:\/\/diarioregionaldigital.com.br\/index.php?rest_route=%2Fwp%2Fv2%2Fcomments&post=137736"}],"version-history":[{"count":0,"href":"https:\/\/diarioregionaldigital.com.br\/index.php?rest_route=\/wp\/v2\/posts\/137736\/revisions"}],"wp:featuredmedia":[{"embeddable":true,"href":"https:\/\/diarioregionaldigital.com.br\/index.php?rest_route=\/wp\/v2\/media\/137737"}],"wp:attachment":[{"href":"https:\/\/diarioregionaldigital.com.br\/index.php?rest_route=%2Fwp%2Fv2%2Fmedia&parent=137736"}],"wp:term":[{"taxonomy":"category","embeddable":true,"href":"https:\/\/diarioregionaldigital.com.br\/index.php?rest_route=%2Fwp%2Fv2%2Fcategories&post=137736"},{"taxonomy":"post_tag","embeddable":true,"href":"https:\/\/diarioregionaldigital.com.br\/index.php?rest_route=%2Fwp%2Fv2%2Ftags&post=137736"}],"curies":[{"name":"wp","href":"https:\/\/api.w.org\/{rel}","templated":true}]}}