{"id":137734,"date":"2019-04-09T06:00:16","date_gmt":"2019-04-09T09:00:16","guid":{"rendered":"https:\/\/diarioregionaldigital.com.br\/?p=137734"},"modified":"2019-04-08T20:02:51","modified_gmt":"2019-04-08T23:02:51","slug":"como-superar-a-tristeza-3","status":"publish","type":"post","link":"https:\/\/diarioregionaldigital.com.br\/?p=137734","title":{"rendered":"Como Superar a Tristeza"},"content":{"rendered":"<p style=\"text-align: center;\"><strong>Como Superar a Tristeza<\/strong><\/p>\n<p style=\"text-align: center;\">Nunca se deixe dominar\u2002pela melancolia; n\u00e3o mostre uma express\u00e3o sombria e triste. De que adianta mostrar fisionomia sombria e triste? Isso n\u00e3o far\u00e1 com que o mundo sorria para voc\u00ea. Servir\u00e1 apenas para intensificar a sua melancolia e a sua tristeza, apagar a alegria das pessoas em torno de voc\u00ea e deix\u00e1-las deprimidas tamb\u00e9m. O melhor meio de vencer a tristeza, de superar a melancolia, \u00e9 sair da pr\u00f3pria &#8220;concha&#8221; e partir para a luta munindo-se de coragem. Trabalhe com o m\u00e1ximo empenho, visando ao bem da p\u00e1tria, da humanidade, das pessoas desfavorecidas. N\u00e3o tardar\u00e1 a chegar o dia em que, refletindo acerca de sua vida, voc\u00ea constatar\u00e1 que est\u00e1 sendo realmente \u00fatil a algu\u00e9m. Ent\u00e3o, certamente voc\u00ea j\u00e1 n\u00e3o sentir\u00e1 tristeza nem melancolia. Isto porque Deus estar\u00e1 elogiando-o e felicitando-o, e voc\u00ea sentir\u00e1 bem perto de si a presen\u00e7a dele.<br \/>\nAntes de esperar elogios das pessoas, espere ser elo-giado por Deus. Quem busca apenas elogios das pessoas n\u00e3o age de modo correto quando ningu\u00e9m o est\u00e1 observando; um dia acabar\u00e1 sendo desmascarado, e ent\u00e3o os outros passar\u00e3o a desprez\u00e1-lo. J\u00e1 as pessoas que esperam ser elogiadas por Deus agem de modo correto e praticam o bem, mesmo estando longe das vistas dos outros. O seu modo de ser acabar\u00e1 sendo reconhecido, e elas se tornar\u00e3o alvos de elogios e admira\u00e7\u00e3o.<\/p>\n<p style=\"text-align: center;\">Trabalhos manuais e trabalhos bra\u00e7ais s\u00e3o tesouros de uma na\u00e7\u00e3o<br \/>\nConsiderar como atividades de natureza inferior os trabalhos manuais e os trabalhos bracais \u00e9 uma ideia antiquada. Trata-se de uma mentalidade ultrapassada. Hoje, mais do que nunca, devemos valorizar os oper\u00e1rios. Basta pensarmos um pouco para compreender que a tarefa de redigir textos n\u00e3o \u00e9 mais valiosa do que a de lidar com os teares numa ind\u00fastria t\u00eaxtil.<br \/>\nQuem se dedica espontaneamente a trabalhos arris-cados ou insalubres merece muito respeito. Os volunt\u00e1rios da seita Ittoen, que agem desse modo, s\u00e3o respeitados por todos. Os trabalhadores bra\u00e7ais nunca devem menosprezar a si pr\u00f3prios; pelo contr\u00e1rio, devem ter orgulho de dedicar for\u00e7a f\u00edsica no trabalho. Quem menospreza a si pr\u00f3prio ser\u00e1 tamb\u00e9m menosprezado pelos outros.<\/p>\n<p style=\"text-align: center;\">Um epis\u00f3dio referente ao primeiro presidente dos Estados Unidos<br \/>\nEste \u00e9 um epis\u00f3dio ocorrido durante a Guerra da Independ\u00eancia dos Estados Unidos. Certo dia, os soldados de uma tropa viram-se diante da dif\u00edcil tarefa de erguer uma pesada madeira do ch\u00e3o. Mesmo o esfor\u00e7o de uma unidade inteira n\u00e3o estava conseguindo levant\u00e1-la, apesar do constante comando do cabo: &#8220;Eia! Levantem! Mais for\u00e7a!&#8221;. Nesse momento, chegou um oficial a cavalo e, num instante, desceu do animal, pegou a madeira e puxou-a. Imediatamente a madeira foi erguida e usada como pe\u00e7a importante do forte.<\/p>\n","protected":false},"excerpt":{"rendered":"<p>Como Superar a Tristeza Nunca se deixe dominar\u2002pela melancolia; n\u00e3o mostre uma express\u00e3o sombria e triste. De que adianta mostrar fisionomia sombria e triste? Isso n\u00e3o far\u00e1 com que o mundo sorria para voc\u00ea. Servir\u00e1 apenas para intensificar a sua melancolia e a sua tristeza, apagar a alegria das pessoas em torno de voc\u00ea e [&hellip;]<\/p>\n","protected":false},"author":96,"featured_media":0,"comment_status":"closed","ping_status":"closed","sticky":false,"template":"","format":"standard","meta":{"footnotes":""},"categories":[263],"tags":[],"class_list":["post-137734","post","type-post","status-publish","format-standard","hentry","category-jane-aragao"],"_links":{"self":[{"href":"https:\/\/diarioregionaldigital.com.br\/index.php?rest_route=\/wp\/v2\/posts\/137734","targetHints":{"allow":["GET"]}}],"collection":[{"href":"https:\/\/diarioregionaldigital.com.br\/index.php?rest_route=\/wp\/v2\/posts"}],"about":[{"href":"https:\/\/diarioregionaldigital.com.br\/index.php?rest_route=\/wp\/v2\/types\/post"}],"author":[{"embeddable":true,"href":"https:\/\/diarioregionaldigital.com.br\/index.php?rest_route=\/wp\/v2\/users\/96"}],"replies":[{"embeddable":true,"href":"https:\/\/diarioregionaldigital.com.br\/index.php?rest_route=%2Fwp%2Fv2%2Fcomments&post=137734"}],"version-history":[{"count":0,"href":"https:\/\/diarioregionaldigital.com.br\/index.php?rest_route=\/wp\/v2\/posts\/137734\/revisions"}],"wp:attachment":[{"href":"https:\/\/diarioregionaldigital.com.br\/index.php?rest_route=%2Fwp%2Fv2%2Fmedia&parent=137734"}],"wp:term":[{"taxonomy":"category","embeddable":true,"href":"https:\/\/diarioregionaldigital.com.br\/index.php?rest_route=%2Fwp%2Fv2%2Fcategories&post=137734"},{"taxonomy":"post_tag","embeddable":true,"href":"https:\/\/diarioregionaldigital.com.br\/index.php?rest_route=%2Fwp%2Fv2%2Ftags&post=137734"}],"curies":[{"name":"wp","href":"https:\/\/api.w.org\/{rel}","templated":true}]}}