{"id":137729,"date":"2019-04-09T06:00:00","date_gmt":"2019-04-09T09:00:00","guid":{"rendered":"https:\/\/diarioregionaldigital.com.br\/?p=137729"},"modified":"2019-04-08T19:59:50","modified_gmt":"2019-04-08T22:59:50","slug":"credeste-04-04-19","status":"publish","type":"post","link":"https:\/\/diarioregionaldigital.com.br\/?p=137729","title":{"rendered":"Credeste &#8211; 04\/04\/19"},"content":{"rendered":"<p style=\"text-align: center;\"><strong>COOPERATIVA DE ECONOMIA E CR\u00c9DITO M\u00daTUO DOS EMPREGADOS DA IND\u00daSTRIA DE PAP\u00c9IS SUDESTE &#8211; LTDA \u2013 CNPJ N\u00ba 18.340.695\/0001-16, AV. ANT\u00d4NIO SIM\u00c3O FIRJAN, N\u00ba 1.265, DISTRITO INDUSTRIAL, JUIZ DE FORA \u2013 MG, CEP. 36.092-000<\/strong><\/p>\n<p style=\"text-align: center;\"><strong>Edital de Convoca\u00e7\u00e3o da<\/strong><\/p>\n<p style=\"text-align: center;\"><strong>Assembleia Geral Ordin\u00e1ria e Extraordin\u00e1ria<\/strong><\/p>\n<p style=\"text-align: center;\">O Diretor Presidente da Cooperativa de Economia e Cr\u00e9dito M\u00fatuo dos Empregados da Ind\u00fastria de Pap\u00e9is Sudeste Ltda \u2013 CREDESTE, Sr. Pedro Andr\u00e9 Nascimento Chagas, no uso das atribui\u00e7\u00f5es que lhe confere o Estatuto Social, convoca os associados, que nesta data s\u00e3o em n\u00famero de 369 (trezentos e sessenta e nove), em condi\u00e7\u00f5es de votar, para se reunirem em Assembleia Geral Ordin\u00e1ria e Extraordin\u00e1ria, a realizar-se na sua sede social, \u00e0 Av. Ant\u00f4nio Sim\u00e3o Firjan, n\u00ba 1.265, Distrito Industrial, na Cidade de Juiz de Fora &#8211; Minas Gerais, no dia 25 de abril de 2019 , \u00e0s 12:15 horas, com a presen\u00e7a de 2\/3 (dois ter\u00e7os) dos associados, em primeira convoca\u00e7\u00e3o; \u00e0s 13:15 horas, com a presen\u00e7a de metade mais um dos associados, em segunda convoca\u00e7\u00e3o; ou \u00e0s 14:15 horas, com a presen\u00e7a de no m\u00ednimo 10 (dez) associados, em terceira convoca\u00e7\u00e3o, para deliberar sobre os seguintes assuntos, que comp\u00f5em a ordem do dia:<\/p>\n<p style=\"text-align: center;\">\u00a0\u00a0\u00a0\u00a0\u00a0\u00a0\u00a0\u00a0\u00a0\u00a0\u00a0 ASSEMBLEIA GERAL ORDIN\u00c1RIA<\/p>\n<p style=\"text-align: center;\">1.\u00a0\u00a0Relat\u00f3rio de gest\u00e3o, parecer do Conselho Fiscal e presta\u00e7\u00e3o das contas do exerc\u00edcio findo em 31\/12\/2018;<\/p>\n<p style=\"text-align: center;\">2.\u00a0\u00a0Destina\u00e7\u00e3o das sobras\/perdas apuradas no exerc\u00edcio;<\/p>\n<p style=\"text-align: center;\">3.\u00a0 Elei\u00e7\u00e3o dos componentes do Conselho de Administra\u00e7\u00e3o e Fiscal da Cooperativa;<\/p>\n<p style=\"text-align: center;\">4.\u00a0\u00a0Fixa\u00e7\u00e3o do valor de remunera\u00e7\u00e3o para os membros do conselho Administra\u00e7\u00e3o e Fiscal.<\/p>\n<p style=\"text-align: center;\">5.\u00a0 Utiliza\u00e7\u00e3o do FATES;<\/p>\n<p style=\"text-align: center;\">6. Aprova\u00e7\u00e3o das pol\u00edticas de Governan\u00e7a Corporativa, Pol\u00edtica de Compliance e Regulamento de Auditoria Interna.<\/p>\n<p style=\"text-align: center;\">7. \u00a0Outros assuntos de interesse social.<\/p>\n<p style=\"text-align: center;\">ASSEMBLEIA GERAL EXTRAORDIN\u00c1RIA<\/p>\n<p style=\"text-align: center;\">1.\u00a0\u00a0\u00a0\u00a0\u00a0 Reforma integral do Estatuto social, a saber.<\/p>\n<p style=\"text-align: center;\">Juiz de Fora, 09 de abril de 2019.<\/p>\n<p style=\"text-align: center;\">Pedro Andr\u00e9 Nascimento Chagas<\/p>\n<p style=\"text-align: center;\">Diretor Presidente<\/p>\n","protected":false},"excerpt":{"rendered":"<p>COOPERATIVA DE ECONOMIA E CR\u00c9DITO M\u00daTUO DOS EMPREGADOS DA IND\u00daSTRIA DE PAP\u00c9IS SUDESTE &#8211; LTDA \u2013 CNPJ N\u00ba 18.340.695\/0001-16, AV. ANT\u00d4NIO SIM\u00c3O FIRJAN, N\u00ba 1.265, DISTRITO INDUSTRIAL, JUIZ DE FORA \u2013 MG, CEP. 36.092-000 Edital de Convoca\u00e7\u00e3o da Assembleia Geral Ordin\u00e1ria e Extraordin\u00e1ria O Diretor Presidente da Cooperativa de Economia e Cr\u00e9dito M\u00fatuo dos Empregados [&hellip;]<\/p>\n","protected":false},"author":96,"featured_media":0,"comment_status":"closed","ping_status":"closed","sticky":false,"template":"","format":"standard","meta":{"footnotes":""},"categories":[307],"tags":[],"class_list":["post-137729","post","type-post","status-publish","format-standard","hentry","category-editais"],"_links":{"self":[{"href":"https:\/\/diarioregionaldigital.com.br\/index.php?rest_route=\/wp\/v2\/posts\/137729","targetHints":{"allow":["GET"]}}],"collection":[{"href":"https:\/\/diarioregionaldigital.com.br\/index.php?rest_route=\/wp\/v2\/posts"}],"about":[{"href":"https:\/\/diarioregionaldigital.com.br\/index.php?rest_route=\/wp\/v2\/types\/post"}],"author":[{"embeddable":true,"href":"https:\/\/diarioregionaldigital.com.br\/index.php?rest_route=\/wp\/v2\/users\/96"}],"replies":[{"embeddable":true,"href":"https:\/\/diarioregionaldigital.com.br\/index.php?rest_route=%2Fwp%2Fv2%2Fcomments&post=137729"}],"version-history":[{"count":0,"href":"https:\/\/diarioregionaldigital.com.br\/index.php?rest_route=\/wp\/v2\/posts\/137729\/revisions"}],"wp:attachment":[{"href":"https:\/\/diarioregionaldigital.com.br\/index.php?rest_route=%2Fwp%2Fv2%2Fmedia&parent=137729"}],"wp:term":[{"taxonomy":"category","embeddable":true,"href":"https:\/\/diarioregionaldigital.com.br\/index.php?rest_route=%2Fwp%2Fv2%2Fcategories&post=137729"},{"taxonomy":"post_tag","embeddable":true,"href":"https:\/\/diarioregionaldigital.com.br\/index.php?rest_route=%2Fwp%2Fv2%2Ftags&post=137729"}],"curies":[{"name":"wp","href":"https:\/\/api.w.org\/{rel}","templated":true}]}}