{"id":137726,"date":"2019-04-09T06:00:46","date_gmt":"2019-04-09T09:00:46","guid":{"rendered":"https:\/\/diarioregionaldigital.com.br\/?p=137726"},"modified":"2019-04-08T19:57:45","modified_gmt":"2019-04-08T22:57:45","slug":"ascomcer-09-04-19","status":"publish","type":"post","link":"https:\/\/diarioregionaldigital.com.br\/?p=137726","title":{"rendered":"Ascomcer &#8211; 09\/04\/19"},"content":{"rendered":"<p style=\"text-align: center;\"><strong>ASCOMCER<\/strong><\/p>\n<p style=\"text-align: center;\"><strong>ASSOCIA\u00c7\u00c3O FEMININA DE PREVEN\u00c7\u00c3O E COMBATE AO C\u00c2NCER DE JUIZ DE FORA<\/strong><\/p>\n<p style=\"text-align: center;\"><strong>EDITAL DE CONVOCA\u00c7\u00c3O<\/strong><\/p>\n<p style=\"text-align: center;\"><strong>ASSEMBLEIA GERAL ORDIN\u00c1RIA<\/strong><\/p>\n<p style=\"text-align: center;\">A Presidente Da Ascomcer No Uso De Suas Atribui\u00e7\u00f5es E De Conformidade Com A Letra \u201cB\u201d Do Art. 16 Do Estatuto, Convoca Os Senhores Associados Fundadores E Efetivos Para A Assembleia Geral Ordin\u00e1ria A Ser Realizada No Dia 15 De Abril De 2019, No Audit\u00f3rio Do Hospital Maria Jos\u00e9 Ba\u00eata Reis, Na Av. Presidente Itamar Franco, 3500, Bairro Cascatinha, Nesta Cidade De Juiz De Fora\/Mg.<\/p>\n<p style=\"text-align: center;\">Em 1\u00aa Convoca\u00e7\u00e3o \u00c0s 13:00 Horas Com A Presen\u00e7a Da Metade Mais Um Dos Associados Em Pleno Gozo De Seus Direitos, Em 2\u00aa Convoca\u00e7\u00e3o \u00c0s 13:30 Horas Com 1\/3 Dos Associados E Em 3\u00aa E \u00daltima Convoca\u00e7\u00e3o \u00c0s 14:00 Horas, Com Qualquer N\u00famero De Associados.<\/p>\n<p style=\"text-align: center;\">Assunto:\u00a0Presta\u00e7\u00e3o De Contas E Respectivo Relat\u00f3rio Anual Do Exerc\u00edcio Fiscal De 2018.<\/p>\n<p style=\"text-align: center;\"><strong>Juiz De Fora-Mg, 08 De Abril De 2019<\/strong><\/p>\n<p style=\"text-align: center;\"><strong>Alessandra Sampaio Faria De Souza<\/strong><\/p>\n<p style=\"text-align: center;\"><strong>Presidente Da Ascomcer<\/strong><\/p>\n","protected":false},"excerpt":{"rendered":"<p>ASCOMCER ASSOCIA\u00c7\u00c3O FEMININA DE PREVEN\u00c7\u00c3O E COMBATE AO C\u00c2NCER DE JUIZ DE FORA EDITAL DE CONVOCA\u00c7\u00c3O ASSEMBLEIA GERAL ORDIN\u00c1RIA A Presidente Da Ascomcer No Uso De Suas Atribui\u00e7\u00f5es E De Conformidade Com A Letra \u201cB\u201d Do Art. 16 Do Estatuto, Convoca Os Senhores Associados Fundadores E Efetivos Para A Assembleia Geral Ordin\u00e1ria A Ser Realizada [&hellip;]<\/p>\n","protected":false},"author":96,"featured_media":0,"comment_status":"closed","ping_status":"closed","sticky":false,"template":"","format":"standard","meta":{"footnotes":""},"categories":[307],"tags":[],"class_list":["post-137726","post","type-post","status-publish","format-standard","hentry","category-editais"],"_links":{"self":[{"href":"https:\/\/diarioregionaldigital.com.br\/index.php?rest_route=\/wp\/v2\/posts\/137726","targetHints":{"allow":["GET"]}}],"collection":[{"href":"https:\/\/diarioregionaldigital.com.br\/index.php?rest_route=\/wp\/v2\/posts"}],"about":[{"href":"https:\/\/diarioregionaldigital.com.br\/index.php?rest_route=\/wp\/v2\/types\/post"}],"author":[{"embeddable":true,"href":"https:\/\/diarioregionaldigital.com.br\/index.php?rest_route=\/wp\/v2\/users\/96"}],"replies":[{"embeddable":true,"href":"https:\/\/diarioregionaldigital.com.br\/index.php?rest_route=%2Fwp%2Fv2%2Fcomments&post=137726"}],"version-history":[{"count":0,"href":"https:\/\/diarioregionaldigital.com.br\/index.php?rest_route=\/wp\/v2\/posts\/137726\/revisions"}],"wp:attachment":[{"href":"https:\/\/diarioregionaldigital.com.br\/index.php?rest_route=%2Fwp%2Fv2%2Fmedia&parent=137726"}],"wp:term":[{"taxonomy":"category","embeddable":true,"href":"https:\/\/diarioregionaldigital.com.br\/index.php?rest_route=%2Fwp%2Fv2%2Fcategories&post=137726"},{"taxonomy":"post_tag","embeddable":true,"href":"https:\/\/diarioregionaldigital.com.br\/index.php?rest_route=%2Fwp%2Fv2%2Ftags&post=137726"}],"curies":[{"name":"wp","href":"https:\/\/api.w.org\/{rel}","templated":true}]}}