{"id":137724,"date":"2019-04-09T06:00:48","date_gmt":"2019-04-09T09:00:48","guid":{"rendered":"https:\/\/diarioregionaldigital.com.br\/?p=137724"},"modified":"2019-04-08T19:55:36","modified_gmt":"2019-04-08T22:55:36","slug":"aeroclube-convocacao-de-assembleia-geral-09-04-19","status":"publish","type":"post","link":"https:\/\/diarioregionaldigital.com.br\/?p=137724","title":{"rendered":"Aeroclube &#8211; Convoca\u00e7\u00e3o de Assembl\u00e9ia Geral &#8211; 09\/04\/19"},"content":{"rendered":"<p style=\"text-align: center;\"><strong>EDITAL DE CONVOCA\u00c7\u00c3O DE ASSEMBL\u00c9IA GERAL<\/strong><br \/>\n<strong>EXTRAORDIN\u00c1RIA<\/strong><\/p>\n<p>O Aeroclube de Juiz de Fora, com sede nesta cidade, na Av. Prefeito Mello Reis s\/n\u00ba, Aeroporto da Serrinha, devidamente representado pelo seu Diretor Presidente\u00a0<strong>LEANDRO SILVEIRA LOPARDI,\u00a0<\/strong>em conformidade com o artigo 14 do Estatuto do Aeroclube de Juiz de Fora, convoca todos os s\u00f3cios em dia com suas obriga\u00e7\u00f5es para participarem da Assembleia Geral Extraordin\u00e1ria, que ser\u00e1 realizada na sede da entidade no dia\u00a0<strong>17 de abril de 2019 \u00e0s 10 horas<\/strong>, em primeira convoca\u00e7\u00e3o e as\u00a0<strong>11 horas<\/strong>, em segunda convoca\u00e7\u00e3o com qualquer n\u00famero de participantes, com o seguinte assunto em pauta:<\/p>\n<ol>\n<li>Assuntos Gerais.<\/li>\n<\/ol>\n<p style=\"text-align: center;\"><strong>\u00a0\u00a0\u00a0JUIZ DE FORA, 08 DE ABRIL DE 2019<\/strong><strong>\u00a0LEANDRO SILVEIRA LOPARDI<\/strong><br \/>\n<strong>\u00a0\u00a0\u00a0\u00a0Presidente do Aeroclube de Juiz de Fora<\/strong><\/p>\n","protected":false},"excerpt":{"rendered":"<p>EDITAL DE CONVOCA\u00c7\u00c3O DE ASSEMBL\u00c9IA GERAL EXTRAORDIN\u00c1RIA O Aeroclube de Juiz de Fora, com sede nesta cidade, na Av. Prefeito Mello Reis s\/n\u00ba, Aeroporto da Serrinha, devidamente representado pelo seu Diretor Presidente\u00a0LEANDRO SILVEIRA LOPARDI,\u00a0em conformidade com o artigo 14 do Estatuto do Aeroclube de Juiz de Fora, convoca todos os s\u00f3cios em dia com suas [&hellip;]<\/p>\n","protected":false},"author":96,"featured_media":0,"comment_status":"closed","ping_status":"closed","sticky":false,"template":"","format":"standard","meta":{"footnotes":""},"categories":[307],"tags":[],"class_list":["post-137724","post","type-post","status-publish","format-standard","hentry","category-editais"],"_links":{"self":[{"href":"https:\/\/diarioregionaldigital.com.br\/index.php?rest_route=\/wp\/v2\/posts\/137724","targetHints":{"allow":["GET"]}}],"collection":[{"href":"https:\/\/diarioregionaldigital.com.br\/index.php?rest_route=\/wp\/v2\/posts"}],"about":[{"href":"https:\/\/diarioregionaldigital.com.br\/index.php?rest_route=\/wp\/v2\/types\/post"}],"author":[{"embeddable":true,"href":"https:\/\/diarioregionaldigital.com.br\/index.php?rest_route=\/wp\/v2\/users\/96"}],"replies":[{"embeddable":true,"href":"https:\/\/diarioregionaldigital.com.br\/index.php?rest_route=%2Fwp%2Fv2%2Fcomments&post=137724"}],"version-history":[{"count":0,"href":"https:\/\/diarioregionaldigital.com.br\/index.php?rest_route=\/wp\/v2\/posts\/137724\/revisions"}],"wp:attachment":[{"href":"https:\/\/diarioregionaldigital.com.br\/index.php?rest_route=%2Fwp%2Fv2%2Fmedia&parent=137724"}],"wp:term":[{"taxonomy":"category","embeddable":true,"href":"https:\/\/diarioregionaldigital.com.br\/index.php?rest_route=%2Fwp%2Fv2%2Fcategories&post=137724"},{"taxonomy":"post_tag","embeddable":true,"href":"https:\/\/diarioregionaldigital.com.br\/index.php?rest_route=%2Fwp%2Fv2%2Ftags&post=137724"}],"curies":[{"name":"wp","href":"https:\/\/api.w.org\/{rel}","templated":true}]}}