{"id":137720,"date":"2019-04-09T06:00:51","date_gmt":"2019-04-09T09:00:51","guid":{"rendered":"https:\/\/diarioregionaldigital.com.br\/?p=137720"},"modified":"2019-04-08T19:51:48","modified_gmt":"2019-04-08T22:51:48","slug":"solidariedade-2","status":"publish","type":"post","link":"https:\/\/diarioregionaldigital.com.br\/?p=137720","title":{"rendered":"Solidariedade"},"content":{"rendered":"<p style=\"text-align: center;\"><strong>Press<\/strong><\/p>\n<p style=\"text-align: center;\">O Tribunal de Contas do Estado de Minas Gerais (TCEMG) lan\u00e7ou o portal \u201cReceitas\u201d que tem a proposta de ajudar o gestor p\u00fablico a melhorar sua receita municipal. A p\u00e1gina eletr\u00f4nica busca ser um espa\u00e7o de transpar\u00eancia, compartilhamento e di\u00e1logo destinado ao cidad\u00e3o e ao gestor p\u00fablico, em busca da profissionaliza\u00e7\u00e3o e da efici\u00eancia na gest\u00e3o das receitas p\u00fablicas municipais<\/p>\n<p style=\"text-align: center;\"><strong>Solidariedade<\/strong><\/p>\n<p style=\"text-align: center;\">Pensando sempre no pr\u00f3ximo, o reitor da Faculdade Est\u00e1cio, Douglas Machado, e a coordenadora de polo EaD, Aline Abreu, entregaram \u00e0 Sociedade M\u00e3o Amiga o equivalente a cerca de 130 quilos de alimentos provenientes do trote solid\u00e1rio, que ser\u00e3o doados as fam\u00edlias carentes. Belo exemplo.<\/p>\n<div id=\"attachment_137693\" style=\"width: 690px\" class=\"wp-caption aligncenter\"><img loading=\"lazy\" decoding=\"async\" aria-describedby=\"caption-attachment-137693\" class=\"wp-image-137693\" src=\"https:\/\/diarioregionaldigital.com.br\/wp-content\/uploads\/2019\/04\/fotoa-5-e1554759290796.jpg\" alt=\"\" width=\"680\" height=\"729\" srcset=\"https:\/\/diarioregionaldigital.com.br\/wp-content\/uploads\/2019\/04\/fotoa-5-e1554759290796.jpg 1176w, https:\/\/diarioregionaldigital.com.br\/wp-content\/uploads\/2019\/04\/fotoa-5-e1554759290796-280x300.jpg 280w, https:\/\/diarioregionaldigital.com.br\/wp-content\/uploads\/2019\/04\/fotoa-5-e1554759290796-768x824.jpg 768w, https:\/\/diarioregionaldigital.com.br\/wp-content\/uploads\/2019\/04\/fotoa-5-e1554759290796-955x1024.jpg 955w, https:\/\/diarioregionaldigital.com.br\/wp-content\/uploads\/2019\/04\/fotoa-5-e1554759290796-360x386.jpg 360w\" sizes=\"auto, (max-width: 680px) 100vw, 680px\" \/><p id=\"caption-attachment-137693\" class=\"wp-caption-text\">A bel\u00edssima juiz-forana D\u00e9bora Manfroi exalta foco de luz na sociedade do Rio de Janeiro<\/p><\/div>\n<div id=\"attachment_137694\" style=\"width: 690px\" class=\"wp-caption aligncenter\"><img loading=\"lazy\" decoding=\"async\" aria-describedby=\"caption-attachment-137694\" class=\"wp-image-137694\" src=\"https:\/\/diarioregionaldigital.com.br\/wp-content\/uploads\/2019\/04\/fotoaa-2-e1554762305838.jpg\" alt=\"\" width=\"680\" height=\"468\" srcset=\"https:\/\/diarioregionaldigital.com.br\/wp-content\/uploads\/2019\/04\/fotoaa-2-e1554762305838.jpg 732w, https:\/\/diarioregionaldigital.com.br\/wp-content\/uploads\/2019\/04\/fotoaa-2-e1554762305838-300x207.jpg 300w, https:\/\/diarioregionaldigital.com.br\/wp-content\/uploads\/2019\/04\/fotoaa-2-e1554762305838-360x248.jpg 360w, https:\/\/diarioregionaldigital.com.br\/wp-content\/uploads\/2019\/04\/fotoaa-2-e1554762305838-100x70.jpg 100w\" sizes=\"auto, (max-width: 680px) 100vw, 680px\" \/><p id=\"caption-attachment-137694\" class=\"wp-caption-text\">Em sua palestra em Petr\u00f3polis no Congresso da FECAB sobre cultura alem\u00e3, Alexandre Hill Maestrini ladeado de D\u00e9cio Krohn (presidente) e o organizador Marcos Carneiro<\/p><\/div>\n<p>&nbsp;<\/p>\n<div id=\"attachment_137696\" style=\"width: 690px\" class=\"wp-caption aligncenter\"><img loading=\"lazy\" decoding=\"async\" aria-describedby=\"caption-attachment-137696\" class=\"wp-image-137696\" src=\"https:\/\/diarioregionaldigital.com.br\/wp-content\/uploads\/2019\/04\/fotoc-5-e1554762361282.jpg\" alt=\"\" width=\"680\" height=\"459\" srcset=\"https:\/\/diarioregionaldigital.com.br\/wp-content\/uploads\/2019\/04\/fotoc-5-e1554762361282.jpg 1214w, https:\/\/diarioregionaldigital.com.br\/wp-content\/uploads\/2019\/04\/fotoc-5-e1554762361282-300x202.jpg 300w, https:\/\/diarioregionaldigital.com.br\/wp-content\/uploads\/2019\/04\/fotoc-5-e1554762361282-768x518.jpg 768w, https:\/\/diarioregionaldigital.com.br\/wp-content\/uploads\/2019\/04\/fotoc-5-e1554762361282-1024x691.jpg 1024w, https:\/\/diarioregionaldigital.com.br\/wp-content\/uploads\/2019\/04\/fotoc-5-e1554762361282-360x243.jpg 360w\" sizes=\"auto, (max-width: 680px) 100vw, 680px\" \/><p id=\"caption-attachment-137696\" class=\"wp-caption-text\">Na C\u00e2mara Municipal, os valores humanos Gilberto Rodrigues e Aurea Almeida com Rose Fran\u00e7a e M\u00e1rcio Deotti<\/p><\/div>\n<div id=\"attachment_137697\" style=\"width: 690px\" class=\"wp-caption aligncenter\"><img loading=\"lazy\" decoding=\"async\" aria-describedby=\"caption-attachment-137697\" class=\"wp-image-137697\" src=\"https:\/\/diarioregionaldigital.com.br\/wp-content\/uploads\/2019\/04\/fotod-5-e1554763347485.jpg\" alt=\"\" width=\"680\" height=\"487\" srcset=\"https:\/\/diarioregionaldigital.com.br\/wp-content\/uploads\/2019\/04\/fotod-5-e1554763347485.jpg 1494w, https:\/\/diarioregionaldigital.com.br\/wp-content\/uploads\/2019\/04\/fotod-5-e1554763347485-300x215.jpg 300w, https:\/\/diarioregionaldigital.com.br\/wp-content\/uploads\/2019\/04\/fotod-5-e1554763347485-768x551.jpg 768w, https:\/\/diarioregionaldigital.com.br\/wp-content\/uploads\/2019\/04\/fotod-5-e1554763347485-1024x734.jpg 1024w, https:\/\/diarioregionaldigital.com.br\/wp-content\/uploads\/2019\/04\/fotod-5-e1554763347485-360x258.jpg 360w\" sizes=\"auto, (max-width: 680px) 100vw, 680px\" \/><p id=\"caption-attachment-137697\" class=\"wp-caption-text\">Fazendo a festa no Rocket, Thenner Freitas, Jean Lucas, Eduardo Gomes, Rafael Lustosa e Tiago Capuzzo<\/p><\/div>\n<div id=\"attachment_137698\" style=\"width: 690px\" class=\"wp-caption aligncenter\"><img loading=\"lazy\" decoding=\"async\" aria-describedby=\"caption-attachment-137698\" class=\"wp-image-137698\" src=\"https:\/\/diarioregionaldigital.com.br\/wp-content\/uploads\/2019\/04\/fotoe-3-e1554763485506.jpg\" alt=\"\" width=\"680\" height=\"520\" srcset=\"https:\/\/diarioregionaldigital.com.br\/wp-content\/uploads\/2019\/04\/fotoe-3-e1554763485506.jpg 1176w, https:\/\/diarioregionaldigital.com.br\/wp-content\/uploads\/2019\/04\/fotoe-3-e1554763485506-300x230.jpg 300w, https:\/\/diarioregionaldigital.com.br\/wp-content\/uploads\/2019\/04\/fotoe-3-e1554763485506-768x588.jpg 768w, https:\/\/diarioregionaldigital.com.br\/wp-content\/uploads\/2019\/04\/fotoe-3-e1554763485506-1024x784.jpg 1024w, https:\/\/diarioregionaldigital.com.br\/wp-content\/uploads\/2019\/04\/fotoe-3-e1554763485506-360x276.jpg 360w\" sizes=\"auto, (max-width: 680px) 100vw, 680px\" \/><p id=\"caption-attachment-137698\" class=\"wp-caption-text\">No Vag\u00e3o de Pizza, o charme de Cl\u00e1udia Matos<\/p><\/div>\n<div id=\"attachment_137699\" style=\"width: 690px\" class=\"wp-caption aligncenter\"><img loading=\"lazy\" decoding=\"async\" aria-describedby=\"caption-attachment-137699\" class=\"wp-image-137699\" src=\"https:\/\/diarioregionaldigital.com.br\/wp-content\/uploads\/2019\/04\/fotof-5-e1554763518910.jpg\" alt=\"\" width=\"680\" height=\"525\" srcset=\"https:\/\/diarioregionaldigital.com.br\/wp-content\/uploads\/2019\/04\/fotof-5-e1554763518910.jpg 1163w, https:\/\/diarioregionaldigital.com.br\/wp-content\/uploads\/2019\/04\/fotof-5-e1554763518910-300x232.jpg 300w, https:\/\/diarioregionaldigital.com.br\/wp-content\/uploads\/2019\/04\/fotof-5-e1554763518910-768x593.jpg 768w, https:\/\/diarioregionaldigital.com.br\/wp-content\/uploads\/2019\/04\/fotof-5-e1554763518910-1024x791.jpg 1024w, https:\/\/diarioregionaldigital.com.br\/wp-content\/uploads\/2019\/04\/fotof-5-e1554763518910-360x278.jpg 360w\" sizes=\"auto, (max-width: 680px) 100vw, 680px\" \/><p id=\"caption-attachment-137699\" class=\"wp-caption-text\">No caminho das estrelas, o colunista Cac\u00e1 Salermo<\/p><\/div>\n<div id=\"attachment_137700\" style=\"width: 690px\" class=\"wp-caption aligncenter\"><img loading=\"lazy\" decoding=\"async\" aria-describedby=\"caption-attachment-137700\" class=\"wp-image-137700\" src=\"https:\/\/diarioregionaldigital.com.br\/wp-content\/uploads\/2019\/04\/fotog-5-e1554763546717.jpg\" alt=\"\" width=\"680\" height=\"527\" srcset=\"https:\/\/diarioregionaldigital.com.br\/wp-content\/uploads\/2019\/04\/fotog-5-e1554763546717.jpg 1154w, https:\/\/diarioregionaldigital.com.br\/wp-content\/uploads\/2019\/04\/fotog-5-e1554763546717-300x233.jpg 300w, https:\/\/diarioregionaldigital.com.br\/wp-content\/uploads\/2019\/04\/fotog-5-e1554763546717-768x596.jpg 768w, https:\/\/diarioregionaldigital.com.br\/wp-content\/uploads\/2019\/04\/fotog-5-e1554763546717-1024x794.jpg 1024w, https:\/\/diarioregionaldigital.com.br\/wp-content\/uploads\/2019\/04\/fotog-5-e1554763546717-360x279.jpg 360w\" sizes=\"auto, (max-width: 680px) 100vw, 680px\" \/><p id=\"caption-attachment-137700\" class=\"wp-caption-text\">Pura eleg\u00e2ncia no breakfast no P\u00e1tio Central, Mery Aguiar de Castro<\/p><\/div>\n<div id=\"attachment_137701\" style=\"width: 690px\" class=\"wp-caption aligncenter\"><img loading=\"lazy\" decoding=\"async\" aria-describedby=\"caption-attachment-137701\" class=\"wp-image-137701\" src=\"https:\/\/diarioregionaldigital.com.br\/wp-content\/uploads\/2019\/04\/fotoh-3-e1554763570974.jpg\" alt=\"\" width=\"680\" height=\"524\" srcset=\"https:\/\/diarioregionaldigital.com.br\/wp-content\/uploads\/2019\/04\/fotoh-3-e1554763570974.jpg 1169w, https:\/\/diarioregionaldigital.com.br\/wp-content\/uploads\/2019\/04\/fotoh-3-e1554763570974-300x231.jpg 300w, https:\/\/diarioregionaldigital.com.br\/wp-content\/uploads\/2019\/04\/fotoh-3-e1554763570974-768x591.jpg 768w, https:\/\/diarioregionaldigital.com.br\/wp-content\/uploads\/2019\/04\/fotoh-3-e1554763570974-1024x788.jpg 1024w, https:\/\/diarioregionaldigital.com.br\/wp-content\/uploads\/2019\/04\/fotoh-3-e1554763570974-360x277.jpg 360w\" sizes=\"auto, (max-width: 680px) 100vw, 680px\" \/><p id=\"caption-attachment-137701\" class=\"wp-caption-text\">Na nova Contempor\u00e2nea, Alex Petrato<\/p><\/div>\n<div id=\"attachment_137702\" style=\"width: 690px\" class=\"wp-caption aligncenter\"><img loading=\"lazy\" decoding=\"async\" aria-describedby=\"caption-attachment-137702\" class=\"wp-image-137702\" src=\"https:\/\/diarioregionaldigital.com.br\/wp-content\/uploads\/2019\/04\/fotoi-3-e1554763613362.jpg\" alt=\"\" width=\"680\" height=\"520\" srcset=\"https:\/\/diarioregionaldigital.com.br\/wp-content\/uploads\/2019\/04\/fotoi-3-e1554763613362.jpg 1176w, https:\/\/diarioregionaldigital.com.br\/wp-content\/uploads\/2019\/04\/fotoi-3-e1554763613362-300x230.jpg 300w, https:\/\/diarioregionaldigital.com.br\/wp-content\/uploads\/2019\/04\/fotoi-3-e1554763613362-768x588.jpg 768w, https:\/\/diarioregionaldigital.com.br\/wp-content\/uploads\/2019\/04\/fotoi-3-e1554763613362-1024x784.jpg 1024w, https:\/\/diarioregionaldigital.com.br\/wp-content\/uploads\/2019\/04\/fotoi-3-e1554763613362-360x276.jpg 360w\" sizes=\"auto, (max-width: 680px) 100vw, 680px\" \/><p id=\"caption-attachment-137702\" class=\"wp-caption-text\">Em Paris, a refinada Ingrid Og Duayer<\/p><\/div>\n<div id=\"attachment_137703\" style=\"width: 690px\" class=\"wp-caption aligncenter\"><img loading=\"lazy\" decoding=\"async\" aria-describedby=\"caption-attachment-137703\" class=\"wp-image-137703\" src=\"https:\/\/diarioregionaldigital.com.br\/wp-content\/uploads\/2019\/04\/fotoj-3-e1554763649314.jpg\" alt=\"\" width=\"680\" height=\"519\" srcset=\"https:\/\/diarioregionaldigital.com.br\/wp-content\/uploads\/2019\/04\/fotoj-3-e1554763649314.jpg 1181w, https:\/\/diarioregionaldigital.com.br\/wp-content\/uploads\/2019\/04\/fotoj-3-e1554763649314-300x229.jpg 300w, https:\/\/diarioregionaldigital.com.br\/wp-content\/uploads\/2019\/04\/fotoj-3-e1554763649314-768x586.jpg 768w, https:\/\/diarioregionaldigital.com.br\/wp-content\/uploads\/2019\/04\/fotoj-3-e1554763649314-1024x781.jpg 1024w, https:\/\/diarioregionaldigital.com.br\/wp-content\/uploads\/2019\/04\/fotoj-3-e1554763649314-360x275.jpg 360w\" sizes=\"auto, (max-width: 680px) 100vw, 680px\" \/><p id=\"caption-attachment-137703\" class=\"wp-caption-text\">Alex Ventura, sucesso absoluto nos palcos da vida<\/p><\/div>\n<p style=\"text-align: center;\"><strong>FOTOSS\u00cdNTESE<\/strong><\/p>\n<p>O personal Renan Teixeira mostra disciplina e compet\u00eancia com o projeto Gin\u00e1stica no Bairro. O tratamento funcional \u00e9 baseado no emagrecimento, fortalecimento muscular, qualidade de vida, bem-estar f\u00edsico e mental, flexibilidade, postura, entre outros. Contato e informa\u00e7\u00f5es, (32) 99195-9511.<\/p>\n<p>Dentro do projeto \u201cHist\u00f3rias no picadeiro\u201d realizado de 19h \u00e0s 20h, na Biblioteca Municipal Murilo Mendes (na Pra\u00e7a Ant\u00f4nio Carlos S\/N), hoje, 9, Fl\u00e1via Nascimento apresenta o tema \u201cDona Mis\u00e9ria\u201d.<\/p>\n<p>Voc\u00ea sabia? O \u201cAmbulat\u00f3rio Autista\u201d fica localizado no Departamento de Sa\u00fade da Crian\u00e7a e do Adolescente (DSCA), localizado na Rua S\u00e3o Sebasti\u00e3o, n\u00ba 772.<\/p>\n<p>Foi lan\u00e7ado no Ritz Plaza Hotel o Guia Tur\u00edstico de Juiz de Fora, para novos e antigos visitantes. Um dos organizadores \u00e9 Marcelo Cruz que enviou a guia em papel, mas est\u00e1 tamb\u00e9m no site guiaturisticojf.com.br.<\/p>\n<p>Ao lado de Dri Gon\u00e7alves, o ex-integrante do Boca Livre, Cl\u00e1udio Nucci, apresentou v\u00e1rias m\u00fasicas de seu repert\u00f3rio e foi aplaudido de p\u00e9 por um p\u00fablico nost\u00e1lgico, na Arteria.<\/p>\n<p>Juliana e Marcelo Alves com Saulo Quint\u00e3o e Noeli Marcondes prestigiaram no Mr. Tugas o lan\u00e7amento do novo card\u00e1pio de pizzas doces, em parceria com o Rellic\u00e1rio.<\/p>\n<p>At\u00e9 19 de maio, os artistas pl\u00e1sticos Eduardo Borges e Gilton Monteiro Jr. est\u00e3o revestindo as paredes do Museu de Arte Murilo Mendes com quadros de tem\u00e1ticas variadas com o tema Antimagem.<\/p>\n<p>A bela Iasmin Cordeiro passou e deu aquele al\u00f4.<\/p>\n<p>Para ficar sabendo: \u201cUm poder que se serve em vez de servir \u00e9 um poder que n\u00e3o serve\u201d (Mario Sergio Cortella). Bom dia.<\/p>\n<p><img loading=\"lazy\" decoding=\"async\" class=\"aligncenter size-full wp-image-137389\" src=\"https:\/\/diarioregionaldigital.com.br\/wp-content\/uploads\/2019\/04\/Fashion6x205.jpg\" alt=\"\" width=\"3495\" height=\"2425\" srcset=\"https:\/\/diarioregionaldigital.com.br\/wp-content\/uploads\/2019\/04\/Fashion6x205.jpg 3495w, https:\/\/diarioregionaldigital.com.br\/wp-content\/uploads\/2019\/04\/Fashion6x205-300x208.jpg 300w, https:\/\/diarioregionaldigital.com.br\/wp-content\/uploads\/2019\/04\/Fashion6x205-768x533.jpg 768w, https:\/\/diarioregionaldigital.com.br\/wp-content\/uploads\/2019\/04\/Fashion6x205-1024x711.jpg 1024w, https:\/\/diarioregionaldigital.com.br\/wp-content\/uploads\/2019\/04\/Fashion6x205-360x250.jpg 360w, https:\/\/diarioregionaldigital.com.br\/wp-content\/uploads\/2019\/04\/Fashion6x205-100x70.jpg 100w\" sizes=\"auto, (max-width: 3495px) 100vw, 3495px\" \/><\/p>\n","protected":false},"excerpt":{"rendered":"<p>Press O Tribunal de Contas do Estado de Minas Gerais (TCEMG) lan\u00e7ou o portal \u201cReceitas\u201d que tem a proposta de ajudar o gestor p\u00fablico a melhorar sua receita municipal. A p\u00e1gina eletr\u00f4nica busca ser um espa\u00e7o de transpar\u00eancia, compartilhamento e di\u00e1logo destinado ao cidad\u00e3o e ao gestor p\u00fablico, em busca da profissionaliza\u00e7\u00e3o e da efici\u00eancia [&hellip;]<\/p>\n","protected":false},"author":96,"featured_media":137693,"comment_status":"closed","ping_status":"closed","sticky":false,"template":"","format":"standard","meta":{"footnotes":""},"categories":[307],"tags":[],"class_list":["post-137720","post","type-post","status-publish","format-standard","has-post-thumbnail","hentry","category-editais"],"_links":{"self":[{"href":"https:\/\/diarioregionaldigital.com.br\/index.php?rest_route=\/wp\/v2\/posts\/137720","targetHints":{"allow":["GET"]}}],"collection":[{"href":"https:\/\/diarioregionaldigital.com.br\/index.php?rest_route=\/wp\/v2\/posts"}],"about":[{"href":"https:\/\/diarioregionaldigital.com.br\/index.php?rest_route=\/wp\/v2\/types\/post"}],"author":[{"embeddable":true,"href":"https:\/\/diarioregionaldigital.com.br\/index.php?rest_route=\/wp\/v2\/users\/96"}],"replies":[{"embeddable":true,"href":"https:\/\/diarioregionaldigital.com.br\/index.php?rest_route=%2Fwp%2Fv2%2Fcomments&post=137720"}],"version-history":[{"count":0,"href":"https:\/\/diarioregionaldigital.com.br\/index.php?rest_route=\/wp\/v2\/posts\/137720\/revisions"}],"wp:featuredmedia":[{"embeddable":true,"href":"https:\/\/diarioregionaldigital.com.br\/index.php?rest_route=\/wp\/v2\/media\/137693"}],"wp:attachment":[{"href":"https:\/\/diarioregionaldigital.com.br\/index.php?rest_route=%2Fwp%2Fv2%2Fmedia&parent=137720"}],"wp:term":[{"taxonomy":"category","embeddable":true,"href":"https:\/\/diarioregionaldigital.com.br\/index.php?rest_route=%2Fwp%2Fv2%2Fcategories&post=137720"},{"taxonomy":"post_tag","embeddable":true,"href":"https:\/\/diarioregionaldigital.com.br\/index.php?rest_route=%2Fwp%2Fv2%2Ftags&post=137720"}],"curies":[{"name":"wp","href":"https:\/\/api.w.org\/{rel}","templated":true}]}}