{"id":137714,"date":"2019-04-08T19:22:16","date_gmt":"2019-04-08T22:22:16","guid":{"rendered":"https:\/\/diarioregionaldigital.com.br\/?p=137714"},"modified":"2019-04-08T19:22:16","modified_gmt":"2019-04-08T22:22:16","slug":"sala-de-operacao-da-dengue-aplica-larvicida-nas-marquises-da-rua-halfeld","status":"publish","type":"post","link":"https:\/\/diarioregionaldigital.com.br\/?p=137714","title":{"rendered":"Sala de Opera\u00e7\u00e3o da Dengue aplica larvicida nas marquises da Rua Halfeld"},"content":{"rendered":"<p>A Sala de Opera\u00e7\u00f5es da Dengue est\u00e1 de olho nas marquises das ruas do Centro da cidade, local prop\u00edcio para acumular \u00e1gua, o que facilita a prolifera\u00e7\u00e3o do mosquito Aedes aegypti, transmissor da dengue, chikungunya e zika. Depois de aplicar larvicida nas marquises das ruas Santa Rita e Bar\u00e3o de S\u00e3o Jo\u00e3o, agentes de combate a endemias v\u00e3o trabalhar, nesta ter\u00e7a-feira, 9, na Rua Halfeld.<\/p>\n<p>A partir das 5 horas, eles v\u00e3o aplicar vectobac (larvicida) nas marquises do Cal\u00e7ad\u00e3o, desde a Pra\u00e7a da Esta\u00e7\u00e3o at\u00e9 a Avenida Bar\u00e3o do Rio Branco, nos dois lados da rua. Na pr\u00f3xima quinta-feira, 11, ser\u00e1 a vez da Rua Marechal Deodoro receber a aplica\u00e7\u00e3o.<\/p>\n<p>Segundo o Departamento de Vigil\u00e2ncia Epidemiol\u00f3gica e Ambiental (Dvea), marquises, quando n\u00e3o passam por limpeza e manuten\u00e7\u00e3o, podem se tornar um problema. \u00c9 comum o ac\u00famulo de \u00e1gua nas estruturas, que podem virar criadouros para o mosquito Aedes aegypti.<\/p>\n<p>No final de 2018, a Prefeitura de Juiz de Fora (PJF) fez uma fiscaliza\u00e7\u00e3o no Centro e notificou v\u00e1rios propriet\u00e1rios de im\u00f3veis cujas marquises apresentavam ac\u00famulo de \u00e1gua.<\/p>\n<p>Den\u00fancias de situa\u00e7\u00f5es que podem levar \u00e0 prolifera\u00e7\u00e3o do mosquito devem ser feitas pelo telefone 199 \u2013 Disque Dengue.<\/p>\n<p>Fonte: PJF<\/p>\n","protected":false},"excerpt":{"rendered":"<p>A Sala de Opera\u00e7\u00f5es da Dengue est\u00e1 de olho nas marquises das ruas do Centro da cidade, local prop\u00edcio para acumular \u00e1gua, o que facilita a prolifera\u00e7\u00e3o do mosquito Aedes aegypti, transmissor da dengue, chikungunya e zika. Depois de aplicar larvicida nas marquises das ruas Santa Rita e Bar\u00e3o de S\u00e3o Jo\u00e3o, agentes de combate [&hellip;]<\/p>\n","protected":false},"author":96,"featured_media":137711,"comment_status":"closed","ping_status":"closed","sticky":false,"template":"","format":"standard","meta":{"footnotes":""},"categories":[253,436,439],"tags":[],"class_list":["post-137714","post","type-post","status-publish","format-standard","has-post-thumbnail","hentry","category-cidade","category-destaque-da-semana","category-ultima-hora"],"_links":{"self":[{"href":"https:\/\/diarioregionaldigital.com.br\/index.php?rest_route=\/wp\/v2\/posts\/137714","targetHints":{"allow":["GET"]}}],"collection":[{"href":"https:\/\/diarioregionaldigital.com.br\/index.php?rest_route=\/wp\/v2\/posts"}],"about":[{"href":"https:\/\/diarioregionaldigital.com.br\/index.php?rest_route=\/wp\/v2\/types\/post"}],"author":[{"embeddable":true,"href":"https:\/\/diarioregionaldigital.com.br\/index.php?rest_route=\/wp\/v2\/users\/96"}],"replies":[{"embeddable":true,"href":"https:\/\/diarioregionaldigital.com.br\/index.php?rest_route=%2Fwp%2Fv2%2Fcomments&post=137714"}],"version-history":[{"count":0,"href":"https:\/\/diarioregionaldigital.com.br\/index.php?rest_route=\/wp\/v2\/posts\/137714\/revisions"}],"wp:featuredmedia":[{"embeddable":true,"href":"https:\/\/diarioregionaldigital.com.br\/index.php?rest_route=\/wp\/v2\/media\/137711"}],"wp:attachment":[{"href":"https:\/\/diarioregionaldigital.com.br\/index.php?rest_route=%2Fwp%2Fv2%2Fmedia&parent=137714"}],"wp:term":[{"taxonomy":"category","embeddable":true,"href":"https:\/\/diarioregionaldigital.com.br\/index.php?rest_route=%2Fwp%2Fv2%2Fcategories&post=137714"},{"taxonomy":"post_tag","embeddable":true,"href":"https:\/\/diarioregionaldigital.com.br\/index.php?rest_route=%2Fwp%2Fv2%2Ftags&post=137714"}],"curies":[{"name":"wp","href":"https:\/\/api.w.org\/{rel}","templated":true}]}}