{"id":137708,"date":"2019-04-09T06:00:47","date_gmt":"2019-04-09T09:00:47","guid":{"rendered":"https:\/\/diarioregionaldigital.com.br\/?p=137708"},"modified":"2019-04-08T19:54:23","modified_gmt":"2019-04-08T22:54:23","slug":"terca-com-chuva-durante-todo-o-dia","status":"publish","type":"post","link":"https:\/\/diarioregionaldigital.com.br\/?p=137708","title":{"rendered":"Ter\u00e7a com chuva durante todo o dia"},"content":{"rendered":"<p>A previs\u00e3o do tempo, para esta ter\u00e7a-feira, 8, em Juiz de Fora, \u00e9 de chuva durante todo o dia, segundo o Instituto Nacional de Meteorologia (INMET). O dia amanhecer\u00e1 com o c\u00e9u nublado a encoberto com pancadas de chuva e trovoadas isoladas. A tarde e a noite ser\u00e3o com o c\u00e9u encoberto e com pancadas de chuvas.<\/p>\n<p>A tend\u00eancia permanece est\u00e1vel, com a temperatura m\u00ednima de 18\u00baC e m\u00e1xima de 27\u00baC.<\/p>\n<p>A quarta-feira, ser\u00e1 de tempo com muitas nuvens, com a temperatura m\u00ednima de 17\u00baC e com a m\u00e1xima de 25\u00baC.<\/p>\n<p>&nbsp;<\/p>\n<p><strong>Segunda-feira chuvosa<\/strong><\/p>\n<p>Uma forte chuva atingiu Juiz de Fora no in\u00edcio da tarde dessa segunda-feira, 8. At\u00e9 o final da tarde de ontem, a Defesa Civil n\u00e3o recebeu nenhum chamado devido \u00e0s chuvas.<\/p>\n<p>&nbsp;<\/p>\n","protected":false},"excerpt":{"rendered":"<p>A previs\u00e3o do tempo, para esta ter\u00e7a-feira, 8, em Juiz de Fora, \u00e9 de chuva durante todo o dia, segundo o Instituto Nacional de Meteorologia (INMET). O dia amanhecer\u00e1 com o c\u00e9u nublado a encoberto com pancadas de chuva e trovoadas isoladas. A tarde e a noite ser\u00e3o com o c\u00e9u encoberto e com pancadas [&hellip;]<\/p>\n","protected":false},"author":96,"featured_media":137710,"comment_status":"closed","ping_status":"closed","sticky":false,"template":"","format":"standard","meta":{"footnotes":""},"categories":[253,436,440,439],"tags":[],"class_list":["post-137708","post","type-post","status-publish","format-standard","has-post-thumbnail","hentry","category-cidade","category-destaque-da-semana","category-destaques-do-dia","category-ultima-hora"],"_links":{"self":[{"href":"https:\/\/diarioregionaldigital.com.br\/index.php?rest_route=\/wp\/v2\/posts\/137708","targetHints":{"allow":["GET"]}}],"collection":[{"href":"https:\/\/diarioregionaldigital.com.br\/index.php?rest_route=\/wp\/v2\/posts"}],"about":[{"href":"https:\/\/diarioregionaldigital.com.br\/index.php?rest_route=\/wp\/v2\/types\/post"}],"author":[{"embeddable":true,"href":"https:\/\/diarioregionaldigital.com.br\/index.php?rest_route=\/wp\/v2\/users\/96"}],"replies":[{"embeddable":true,"href":"https:\/\/diarioregionaldigital.com.br\/index.php?rest_route=%2Fwp%2Fv2%2Fcomments&post=137708"}],"version-history":[{"count":0,"href":"https:\/\/diarioregionaldigital.com.br\/index.php?rest_route=\/wp\/v2\/posts\/137708\/revisions"}],"wp:featuredmedia":[{"embeddable":true,"href":"https:\/\/diarioregionaldigital.com.br\/index.php?rest_route=\/wp\/v2\/media\/137710"}],"wp:attachment":[{"href":"https:\/\/diarioregionaldigital.com.br\/index.php?rest_route=%2Fwp%2Fv2%2Fmedia&parent=137708"}],"wp:term":[{"taxonomy":"category","embeddable":true,"href":"https:\/\/diarioregionaldigital.com.br\/index.php?rest_route=%2Fwp%2Fv2%2Fcategories&post=137708"},{"taxonomy":"post_tag","embeddable":true,"href":"https:\/\/diarioregionaldigital.com.br\/index.php?rest_route=%2Fwp%2Fv2%2Ftags&post=137708"}],"curies":[{"name":"wp","href":"https:\/\/api.w.org\/{rel}","templated":true}]}}