{"id":137705,"date":"2019-04-08T18:20:30","date_gmt":"2019-04-08T21:20:30","guid":{"rendered":"https:\/\/diarioregionaldigital.com.br\/?p=137705"},"modified":"2019-04-09T17:28:04","modified_gmt":"2019-04-09T20:28:04","slug":"detento-e-morto-a-tiros-enquanto-prestava-servico-ao-demlurb","status":"publish","type":"post","link":"https:\/\/diarioregionaldigital.com.br\/?p=137705","title":{"rendered":"Detento \u00e9 morto a tiros enquanto prestava servi\u00e7o ao Demlurb"},"content":{"rendered":"<p>Um homem de 30 anos foi morto com seis tiros na tarde desta segunda-feira, 8, em Juiz de Fora.<\/p>\n<p>Segundo as informa\u00e7\u00f5es preliminares, a v\u00edtima foi morta no bairro S\u00e3o Benedito ap\u00f3s finalizar o servi\u00e7o que prestava para Departamento Municipal de Limpeza Urbana (Demlurb). O Samu compareceu ao local e o corpo foi encaminhado para o Instituto M\u00e9dico Legal (IML).<\/p>\n<p>Em nota enviada \u00e0 reportagem do Di\u00e1rio Regional, a Secretaria de Estado de Administra\u00e7\u00e3o Prisional (Seap) informou que o detento come\u00e7ou a usar tornozeleira no dia 8 de mar\u00e7o. A Seap ainda disse que para presos monitorados eletronicamente n\u00e3o h\u00e1 necessidade de escolta.<\/p>\n<p>Em nota, o Departamento Municipal de Limpeza Urbana (Demlurb) lamentou o ocorrido. &#8220;O Demlurb lamenta o ocorrido e informa que a seguran\u00e7a dos acautelados que cumprem pena e prestam servi\u00e7o para o departamento, \u00e9 de responsabilidade da Secretaria de Defesa Social (Seds)&#8221;.<\/p>\n<p>As investiga\u00e7\u00f5es sobre o caso s\u00e3o de responsabilidade da Pol\u00edcia Civil.<\/p>\n","protected":false},"excerpt":{"rendered":"<p>Um homem de 30 anos foi morto com seis tiros na tarde desta segunda-feira, 8, em Juiz de Fora. Segundo as informa\u00e7\u00f5es preliminares, a v\u00edtima foi morta no bairro S\u00e3o Benedito ap\u00f3s finalizar o servi\u00e7o que prestava para Departamento Municipal de Limpeza Urbana (Demlurb). O Samu compareceu ao local e o corpo foi encaminhado para [&hellip;]<\/p>\n","protected":false},"author":96,"featured_media":130741,"comment_status":"closed","ping_status":"closed","sticky":false,"template":"","format":"standard","meta":{"footnotes":""},"categories":[253,436,440,439],"tags":[],"class_list":["post-137705","post","type-post","status-publish","format-standard","has-post-thumbnail","hentry","category-cidade","category-destaque-da-semana","category-destaques-do-dia","category-ultima-hora"],"_links":{"self":[{"href":"https:\/\/diarioregionaldigital.com.br\/index.php?rest_route=\/wp\/v2\/posts\/137705","targetHints":{"allow":["GET"]}}],"collection":[{"href":"https:\/\/diarioregionaldigital.com.br\/index.php?rest_route=\/wp\/v2\/posts"}],"about":[{"href":"https:\/\/diarioregionaldigital.com.br\/index.php?rest_route=\/wp\/v2\/types\/post"}],"author":[{"embeddable":true,"href":"https:\/\/diarioregionaldigital.com.br\/index.php?rest_route=\/wp\/v2\/users\/96"}],"replies":[{"embeddable":true,"href":"https:\/\/diarioregionaldigital.com.br\/index.php?rest_route=%2Fwp%2Fv2%2Fcomments&post=137705"}],"version-history":[{"count":0,"href":"https:\/\/diarioregionaldigital.com.br\/index.php?rest_route=\/wp\/v2\/posts\/137705\/revisions"}],"wp:featuredmedia":[{"embeddable":true,"href":"https:\/\/diarioregionaldigital.com.br\/index.php?rest_route=\/wp\/v2\/media\/130741"}],"wp:attachment":[{"href":"https:\/\/diarioregionaldigital.com.br\/index.php?rest_route=%2Fwp%2Fv2%2Fmedia&parent=137705"}],"wp:term":[{"taxonomy":"category","embeddable":true,"href":"https:\/\/diarioregionaldigital.com.br\/index.php?rest_route=%2Fwp%2Fv2%2Fcategories&post=137705"},{"taxonomy":"post_tag","embeddable":true,"href":"https:\/\/diarioregionaldigital.com.br\/index.php?rest_route=%2Fwp%2Fv2%2Ftags&post=137705"}],"curies":[{"name":"wp","href":"https:\/\/api.w.org\/{rel}","templated":true}]}}