{"id":137691,"date":"2019-04-08T15:39:02","date_gmt":"2019-04-08T18:39:02","guid":{"rendered":"https:\/\/diarioregionaldigital.com.br\/?p=137691"},"modified":"2019-04-08T15:39:02","modified_gmt":"2019-04-08T18:39:02","slug":"cruz-vermelha-doa-4-toneladas-de-medicamentos-para-a-venezuela","status":"publish","type":"post","link":"https:\/\/diarioregionaldigital.com.br\/?p=137691","title":{"rendered":"Cruz Vermelha doa 4 toneladas de medicamentos para a Venezuela"},"content":{"rendered":"<p>A organiza\u00e7\u00e3o internacional de ajuda humanit\u00e1ria Cruz Vermelha doou, neste final de semana, quatro toneladas de medicamentos e equipamentos para um hospital na Vanezuela. A a\u00e7\u00e3o foi iniciada com a visita do presidente do Comit\u00ea Internacional da institui\u00e7\u00e3o, Peter Maurer, ao pa\u00eds. A viagem ir\u00e1 durar cinco dias, tendo previs\u00e3o para encerramento na pr\u00f3xima quarta-feira, 10.<\/p>\n<p>Em sua conta no Twitter, Maurer informou que o grupo conheceu o trabalho do Hospital Ruiz y Paez, localizado em Ciudad Bol\u00edvar, capital do estado de Bol\u00edvar, que faz fronteira com o Brasil. A unidade hospitalar pertence \u00e0 rede p\u00fablica de sa\u00fade venezuelana.<\/p>\n<p>&#8220;N\u00f3s trouxemos quatro toneladas de medicamentos e equipamentos ao hospital, para ajudar a sanar a lacuna, para que aqueles que se encontram em necessidade sejam imediatamente tratados&#8221;, disse Maurer, ontem, na rede social.<\/p>\n<p>&#8220;O sistema de sa\u00fade est\u00e1 sobrecarregado: a mal\u00e1ria, que j\u00e1 havia sido erradicada, agora retornou; suprimentos m\u00e9dicos agora est\u00e3o em falta&#8221;, complementou.<\/p>\n<p>No final do m\u00eas passado, ao anunciar a iniciativa, a Cruz Vermelha comunicou que, al\u00e9m de oferecer antibi\u00f3ticos, kits cir\u00fargicos e geradores el\u00e9tricos para hospitais, contribuir\u00e1 com provis\u00f5es de alimentos aos venezuelanos. A entrada de alimentos e medicamentos na Venezuela tem sido um dos temas centrais na disputa pol\u00edtica entre o governo de Nicol\u00e1s Maduro e o l\u00edder da oposi\u00e7\u00e3o, Juan Guaid\u00f3, que se autoproclamou presidente interino do pa\u00eds, em 23 de janeiro.<\/p>\n<p>A dificuldade de acesso a alimentos tem levado venezuelanos a colocar suas pr\u00f3prias vidas em risco. De acordo com a Organiza\u00e7\u00e3o das Na\u00e7\u00f5es Unidas (ONU), muitos deles t\u00eam cruzado o Rio T\u00e1chira para chegar \u00e0 Col\u00f4mbia onde pedem amparo. A travessia se tornou uma alternativa ap\u00f3s o fechamento da Ponte Internacional Sim\u00f3n Bol\u00edvar.<\/p>\n<p>De acordo com a ONU, 45 mil venezuelanos v\u00e3o, diariamente, ao pa\u00eds vizinho. A entidade internacional calcula que, em 2018, mais de 250 mil venezuelanos pediram asilo em outros pa\u00edses, a maioria em na\u00e7\u00f5es latino-americanas. Ao todo, estima-se que 1,3 milh\u00e3o de refugiados e migrantes venezuelanos tenham sido beneficiados por outras formas legais de perman\u00eancia na regi\u00e3o.<\/p>\n<h2>Brasil<\/h2>\n<p>Mais de 240 mil venezuelanos entraram no Brasil desde 2017 e\u00a0quase a metade deles j\u00e1 saiu do pa\u00eds. Cerca de 160 mil foram regularizados at\u00e9 o momento, seja pela solicita\u00e7\u00e3o de ref\u00fagio (59%)\u00a0ou por meio de um visto de resid\u00eancia tempor\u00e1ria (41%).<\/p>\n<p>Por meio da Opera\u00e7\u00e3o Acolhida, mais de\u00a05,2 mil refugiados e migrantes venezuelanos foram transferidos de Roraima para outros estados, segundo a Ag\u00eancia das Na\u00e7\u00f5es Unidas para Refugiados (Acnur) .<\/p>\n<p>A fronteira do Brasil com a Venezuela\u00a0foi fechada no dia 21 de fevereiro, por orienta\u00e7\u00e3o do presidente Nicol\u00e1s Maduro.<\/p>\n<p>&nbsp;<\/p>\n<p>Fonte: Ag\u00eancia Brasil<\/p>\n","protected":false},"excerpt":{"rendered":"<p>A organiza\u00e7\u00e3o internacional de ajuda humanit\u00e1ria Cruz Vermelha doou, neste final de semana, quatro toneladas de medicamentos e equipamentos para um hospital na Vanezuela. A a\u00e7\u00e3o foi iniciada com a visita do presidente do Comit\u00ea Internacional da institui\u00e7\u00e3o, Peter Maurer, ao pa\u00eds. A viagem ir\u00e1 durar cinco dias, tendo previs\u00e3o para encerramento na pr\u00f3xima quarta-feira, [&hellip;]<\/p>\n","protected":false},"author":96,"featured_media":97709,"comment_status":"closed","ping_status":"closed","sticky":false,"template":"","format":"standard","meta":{"footnotes":""},"categories":[302,436,262,439],"tags":[],"class_list":["post-137691","post","type-post","status-publish","format-standard","has-post-thumbnail","hentry","category-brasil-mundo","category-destaque-da-semana","category-noticias","category-ultima-hora"],"_links":{"self":[{"href":"https:\/\/diarioregionaldigital.com.br\/index.php?rest_route=\/wp\/v2\/posts\/137691","targetHints":{"allow":["GET"]}}],"collection":[{"href":"https:\/\/diarioregionaldigital.com.br\/index.php?rest_route=\/wp\/v2\/posts"}],"about":[{"href":"https:\/\/diarioregionaldigital.com.br\/index.php?rest_route=\/wp\/v2\/types\/post"}],"author":[{"embeddable":true,"href":"https:\/\/diarioregionaldigital.com.br\/index.php?rest_route=\/wp\/v2\/users\/96"}],"replies":[{"embeddable":true,"href":"https:\/\/diarioregionaldigital.com.br\/index.php?rest_route=%2Fwp%2Fv2%2Fcomments&post=137691"}],"version-history":[{"count":0,"href":"https:\/\/diarioregionaldigital.com.br\/index.php?rest_route=\/wp\/v2\/posts\/137691\/revisions"}],"wp:featuredmedia":[{"embeddable":true,"href":"https:\/\/diarioregionaldigital.com.br\/index.php?rest_route=\/wp\/v2\/media\/97709"}],"wp:attachment":[{"href":"https:\/\/diarioregionaldigital.com.br\/index.php?rest_route=%2Fwp%2Fv2%2Fmedia&parent=137691"}],"wp:term":[{"taxonomy":"category","embeddable":true,"href":"https:\/\/diarioregionaldigital.com.br\/index.php?rest_route=%2Fwp%2Fv2%2Fcategories&post=137691"},{"taxonomy":"post_tag","embeddable":true,"href":"https:\/\/diarioregionaldigital.com.br\/index.php?rest_route=%2Fwp%2Fv2%2Ftags&post=137691"}],"curies":[{"name":"wp","href":"https:\/\/api.w.org\/{rel}","templated":true}]}}