{"id":137684,"date":"2019-04-08T15:26:34","date_gmt":"2019-04-08T18:26:34","guid":{"rendered":"https:\/\/diarioregionaldigital.com.br\/?p=137684"},"modified":"2019-04-08T15:27:01","modified_gmt":"2019-04-08T18:27:01","slug":"plenario-analisa-destinacao-de-orcamento-para-fundos-dos-estados-e-municipios","status":"publish","type":"post","link":"https:\/\/diarioregionaldigital.com.br\/?p=137684","title":{"rendered":"Plen\u00e1rio analisa destina\u00e7\u00e3o de or\u00e7amento para fundos dos estados e munic\u00edpios"},"content":{"rendered":"<p>Uma das propostas na pauta do Plen\u00e1rio na pr\u00f3xima semana \u00e9 a\u00a0PEC 61\/2015, que permite que emendas individuais ao projeto de lei do or\u00e7amento anual aloquem recursos diretamente aos fundos de participa\u00e7\u00e3o dos estados e do Distrito Federal (FPE) e dos Munic\u00edpios (FPM), com a indica\u00e7\u00e3o do ente federativo a ser beneficiado. Os recursos ser\u00e3o repassados independentemente de conv\u00eanio.<\/p>\n<p>Na sess\u00e3o dessa quinta-feira, 4, o senador Iraj\u00e1 (PSD-TO) destacou a import\u00e2ncia da proposta. Segundo o senador, em vez de cumprir um amplo processo burocr\u00e1tico, que pode tomar de dois a tr\u00eas anos at\u00e9 a obra ser entregue, a verba vai sair do cofre do governo federal e vai direto para o FPM ou para o FPE.<\/p>\n<p>\u2014 \u00c9 uma inje\u00e7\u00e3o de recursos na veia das cidades brasileiras. A PEC desburocratiza a libera\u00e7\u00e3o de recursos federais para os munic\u00edpios e os estados. \u00c9 apenas isso \u2014 defendeu o senador.<\/p>\n<p>O senador Eduardo Gir\u00e3o (Pode-CE) defendeu um debate com serenidade sobre a proposta, que faz o recurso chegar aos estados e munic\u00edpios de modo \u201cmais r\u00e1pido, sem burocracia\u201d. Ele ressaltou, no entanto, que o poder p\u00fablico n\u00e3o pode descuidar da fiscaliza\u00e7\u00e3o e da transpar\u00eancia. A PEC \u00e9 uma iniciativa da ex-senadora e hoje deputada federal Gleisi Hoffmann (PT-PR).<\/p>\n<p>A pauta do Plen\u00e1rio tamb\u00e9m traz a PEC que transforma o meio ambiente ecologicamente equilibrado em direito fundamental (PEC 13\/2015) e a que trata da legitimidade do defensor p\u00fablico-geral federal para a a\u00e7\u00e3o direta de inconstitucionalidade (PEC 31\/2017).<\/p>\n<h3><strong>Medida protetiva e corretores<\/strong><\/h3>\n<p>Tamb\u00e9m consta da Ordem do Dia da segunda semana de abril o projeto que estabelece que tanto a autoridade judicial como a policial poder\u00e3o determinar o afastamento do agressor, verificada a exist\u00eancia de risco atual ou iminente \u00e0 vida ou \u00e0 integridade f\u00edsica da mulher em situa\u00e7\u00e3o de viol\u00eancia dom\u00e9stica (PLC 94\/2018). O regime de urg\u00eancia para o projeto foi\u00a0aprovado em Plen\u00e1rio\u00a0na \u00faltima ter\u00e7a-feira, 2.<\/p>\n<p>Outro projeto que est\u00e1 na pauta do Plen\u00e1rio \u00e9 o substitutivo ao projeto que trata da responsabilidade civil dos corretores de seguros e resseguros (PLC 7\/2013). O texto exige seguro de responsabilidade civil para os pr\u00f3prios profissionais que intermedeiam a celebra\u00e7\u00e3o dos contratos de seguro e ainda trata do poder disciplinar das entidades autorreguladoras do mercado de corretagem sobre os n\u00e3o associados.<\/p>\n<p>&nbsp;<\/p>\n<p>Fonte: Ag\u00eancia Senado<\/p>\n","protected":false},"excerpt":{"rendered":"<p>Uma das propostas na pauta do Plen\u00e1rio na pr\u00f3xima semana \u00e9 a\u00a0PEC 61\/2015, que permite que emendas individuais ao projeto de lei do or\u00e7amento anual aloquem recursos diretamente aos fundos de participa\u00e7\u00e3o dos estados e do Distrito Federal (FPE) e dos Munic\u00edpios (FPM), com a indica\u00e7\u00e3o do ente federativo a ser beneficiado. Os recursos ser\u00e3o [&hellip;]<\/p>\n","protected":false},"author":96,"featured_media":137685,"comment_status":"closed","ping_status":"closed","sticky":false,"template":"","format":"standard","meta":{"footnotes":""},"categories":[302,436,262,439],"tags":[],"class_list":["post-137684","post","type-post","status-publish","format-standard","has-post-thumbnail","hentry","category-brasil-mundo","category-destaque-da-semana","category-noticias","category-ultima-hora"],"_links":{"self":[{"href":"https:\/\/diarioregionaldigital.com.br\/index.php?rest_route=\/wp\/v2\/posts\/137684","targetHints":{"allow":["GET"]}}],"collection":[{"href":"https:\/\/diarioregionaldigital.com.br\/index.php?rest_route=\/wp\/v2\/posts"}],"about":[{"href":"https:\/\/diarioregionaldigital.com.br\/index.php?rest_route=\/wp\/v2\/types\/post"}],"author":[{"embeddable":true,"href":"https:\/\/diarioregionaldigital.com.br\/index.php?rest_route=\/wp\/v2\/users\/96"}],"replies":[{"embeddable":true,"href":"https:\/\/diarioregionaldigital.com.br\/index.php?rest_route=%2Fwp%2Fv2%2Fcomments&post=137684"}],"version-history":[{"count":0,"href":"https:\/\/diarioregionaldigital.com.br\/index.php?rest_route=\/wp\/v2\/posts\/137684\/revisions"}],"wp:featuredmedia":[{"embeddable":true,"href":"https:\/\/diarioregionaldigital.com.br\/index.php?rest_route=\/wp\/v2\/media\/137685"}],"wp:attachment":[{"href":"https:\/\/diarioregionaldigital.com.br\/index.php?rest_route=%2Fwp%2Fv2%2Fmedia&parent=137684"}],"wp:term":[{"taxonomy":"category","embeddable":true,"href":"https:\/\/diarioregionaldigital.com.br\/index.php?rest_route=%2Fwp%2Fv2%2Fcategories&post=137684"},{"taxonomy":"post_tag","embeddable":true,"href":"https:\/\/diarioregionaldigital.com.br\/index.php?rest_route=%2Fwp%2Fv2%2Ftags&post=137684"}],"curies":[{"name":"wp","href":"https:\/\/api.w.org\/{rel}","templated":true}]}}