{"id":137678,"date":"2019-04-08T14:36:27","date_gmt":"2019-04-08T17:36:27","guid":{"rendered":"https:\/\/diarioregionaldigital.com.br\/?p=137678"},"modified":"2019-04-08T14:36:27","modified_gmt":"2019-04-08T17:36:27","slug":"papa-reconhece-milagres-e-padre-donizetti-sera-beatificado","status":"publish","type":"post","link":"https:\/\/diarioregionaldigital.com.br\/?p=137678","title":{"rendered":"Papa reconhece milagres e padre Donizetti ser\u00e1 beatificado"},"content":{"rendered":"<p>O papa Francisco vai beatificar o padre brasileiro Donizetti Tavares de Lima, morto\u00a0em 1961. O an\u00fancio foi divulgado nesta segunda-feira, 8, depois que o pont\u00edfice autorizou o decreto que reconhece milagres ao religioso. Nascido em 3 de janeiro de 1882, em Santa Rita de C\u00e1ssia, em Minas Gerais, morreu aos 79 anos, em Tamba\u00fa, em S\u00e3o Paulo. Devoto de Nossa Senhora Aparecida, o padre atraiu milhares de devotos ao interior de S\u00e3o Paulo em busca de milagres.<\/p>\n<p>A decis\u00e3o foi anunciada depois do encontro do papa com o cardeal Angelo Becciu, prefeito da Congrega\u00e7\u00e3o para as Causas dos Santos, respons\u00e1vel pelos decretos que se destinam a analisar os processos relativos a milagres.<\/p>\n<p>Desde 1909, como p\u00e1roco, padre Donizetti\u00a0atuou em defesa dos mais pobres e dos trabalhadores explorados, al\u00e9m de organizar a\u00a0assist\u00eancia aos doentes, idosos, crian\u00e7as e m\u00e3es necessitadas. A tudo atribu\u00eda \u00e0 Nossa Senhora Aparecida.<\/p>\n<h2>Milagres<\/h2>\n<p>A Igreja Cat\u00f3lica Apost\u00f3lica Romana analisou, particularmente, dois milagres atribu\u00eddos ao padre. Um se refere o menino Nelson Santana (1955-1964), diagnosticado com osteossarcoma e morreu aos 9 anos na v\u00e9spera do Natal, e outro \u00e0 Gaetana Tolomeo, chamada &#8220;Nuccia&#8221; (1936-1997), afetada por uma progressiva paralisia, transformou a dor em f\u00e9.<\/p>\n<p>Tamb\u00e9m foram anunciados o reconhecimento de milatres de mais cinco religiosos. Carlo Cavina, sacerdote diocesano, fundador da Congrega\u00e7\u00e3o das Filhas de S\u00e3o Francisco de Sales. Raffaele da Sant&#8217;Elia a Pianisi, sacerdote da Ordem dos Frades Menores Capuchinhos.<\/p>\n<p>Na rela\u00e7\u00e3o est\u00e3o ainda Damiano da Bozzano, sacerdote da Ordem dos Frades Menores Capuchinhos, Vittorino Nymphas Arnaud Pag\u00e9s, religioso do Instituto dos Irm\u00e3os das Escolas Crist\u00e3s, e Consolata Betrone , religiosa da Ordem das Clarissas Capuchinhas.<\/p>\n<p>&nbsp;<\/p>\n<p>Fonte: Ag\u00eancia Brasil<\/p>\n","protected":false},"excerpt":{"rendered":"<p>O papa Francisco vai beatificar o padre brasileiro Donizetti Tavares de Lima, morto\u00a0em 1961. O an\u00fancio foi divulgado nesta segunda-feira, 8, depois que o pont\u00edfice autorizou o decreto que reconhece milagres ao religioso. Nascido em 3 de janeiro de 1882, em Santa Rita de C\u00e1ssia, em Minas Gerais, morreu aos 79 anos, em Tamba\u00fa, em [&hellip;]<\/p>\n","protected":false},"author":96,"featured_media":137679,"comment_status":"closed","ping_status":"closed","sticky":false,"template":"","format":"standard","meta":{"footnotes":""},"categories":[302,436,262,439],"tags":[],"class_list":["post-137678","post","type-post","status-publish","format-standard","has-post-thumbnail","hentry","category-brasil-mundo","category-destaque-da-semana","category-noticias","category-ultima-hora"],"_links":{"self":[{"href":"https:\/\/diarioregionaldigital.com.br\/index.php?rest_route=\/wp\/v2\/posts\/137678","targetHints":{"allow":["GET"]}}],"collection":[{"href":"https:\/\/diarioregionaldigital.com.br\/index.php?rest_route=\/wp\/v2\/posts"}],"about":[{"href":"https:\/\/diarioregionaldigital.com.br\/index.php?rest_route=\/wp\/v2\/types\/post"}],"author":[{"embeddable":true,"href":"https:\/\/diarioregionaldigital.com.br\/index.php?rest_route=\/wp\/v2\/users\/96"}],"replies":[{"embeddable":true,"href":"https:\/\/diarioregionaldigital.com.br\/index.php?rest_route=%2Fwp%2Fv2%2Fcomments&post=137678"}],"version-history":[{"count":0,"href":"https:\/\/diarioregionaldigital.com.br\/index.php?rest_route=\/wp\/v2\/posts\/137678\/revisions"}],"wp:featuredmedia":[{"embeddable":true,"href":"https:\/\/diarioregionaldigital.com.br\/index.php?rest_route=\/wp\/v2\/media\/137679"}],"wp:attachment":[{"href":"https:\/\/diarioregionaldigital.com.br\/index.php?rest_route=%2Fwp%2Fv2%2Fmedia&parent=137678"}],"wp:term":[{"taxonomy":"category","embeddable":true,"href":"https:\/\/diarioregionaldigital.com.br\/index.php?rest_route=%2Fwp%2Fv2%2Fcategories&post=137678"},{"taxonomy":"post_tag","embeddable":true,"href":"https:\/\/diarioregionaldigital.com.br\/index.php?rest_route=%2Fwp%2Fv2%2Ftags&post=137678"}],"curies":[{"name":"wp","href":"https:\/\/api.w.org\/{rel}","templated":true}]}}