{"id":137672,"date":"2019-04-08T14:26:18","date_gmt":"2019-04-08T17:26:18","guid":{"rendered":"https:\/\/diarioregionaldigital.com.br\/?p=137672"},"modified":"2019-04-08T14:26:18","modified_gmt":"2019-04-08T17:26:18","slug":"bolsonaro-exonera-velez-e-anuncia-weintraub-como-sucessor","status":"publish","type":"post","link":"https:\/\/diarioregionaldigital.com.br\/?p=137672","title":{"rendered":"Bolsonaro exonera V\u00e9lez e anuncia Weintraub como sucessor"},"content":{"rendered":"<p>O presidente Jair Bolsonaro exonerou segunda-feira, 8, o ministro da Educa\u00e7\u00e3o, Ricardo V\u00e9lez Rodr\u00edguez, e anunciou o professor Abraham Weintraub para o cargo.<\/p>\n<p>\u201cAbraham possui mestrado em Administra\u00e7\u00e3o na \u00e1rea de Finan\u00e7as pela FGV e MBA Executivo Internacional pelo OneMBA, com t\u00edtulo reconhecido pelas escolas: FGV\/Brasil, RSM\/Holanda, UNC\/Estados Unidos, CUHK\/China e EGADE-ITESM\/M\u00e9xico. Tem ampla experi\u00eancia em gest\u00e3o e o conhecimento necess\u00e1rio para a pasta&#8221;, escreveu Bolsonaro em sua conta no Twitter.<\/p>\n<p>Professor da Universidade Federal de S\u00e3o Paulo (Unifesp), Weintraub foi executivo do mercado financeiro, atuou no grupo Votorantim e foi membro do comit\u00ea de Trading da BM&amp;FBovespa. Em 2016, coordenou a apresenta\u00e7\u00e3o de uma proposta alternativa de reforma da previd\u00eancia social formulada pelos professores da Unifesp. Weintraub\u00a0atua como secret\u00e1rio executivo da Casa Civil, sob o comando de Onyx Lorenzoni. Ele assumir\u00e1 o\u00a0lugar do colombiano Ricardo V\u00e9lez.<\/p>\n<p>\u201cAproveito para agradecer ao Prof. Velez pelos servi\u00e7os prestados\u201d, acrescentou o presidente.<\/p>\n<p>V\u00e9lez esteve nesta segunda-feira, 8, de manh\u00e3 no Pal\u00e1cio do Planalto, em reuni\u00e3o com o presidente Jair Bolsonaro, e deixou o local pela sa\u00edda privativa, sem falar com a imprensa.<\/p>\n<p>&nbsp;<\/p>\n<p>Fonte: Ag\u00eancia Brasil<\/p>\n","protected":false},"excerpt":{"rendered":"<p>O presidente Jair Bolsonaro exonerou segunda-feira, 8, o ministro da Educa\u00e7\u00e3o, Ricardo V\u00e9lez Rodr\u00edguez, e anunciou o professor Abraham Weintraub para o cargo. \u201cAbraham possui mestrado em Administra\u00e7\u00e3o na \u00e1rea de Finan\u00e7as pela FGV e MBA Executivo Internacional pelo OneMBA, com t\u00edtulo reconhecido pelas escolas: FGV\/Brasil, RSM\/Holanda, UNC\/Estados Unidos, CUHK\/China e EGADE-ITESM\/M\u00e9xico. Tem ampla experi\u00eancia [&hellip;]<\/p>\n","protected":false},"author":96,"featured_media":137673,"comment_status":"closed","ping_status":"closed","sticky":false,"template":"","format":"standard","meta":{"footnotes":""},"categories":[302,436,262,254,439],"tags":[],"class_list":["post-137672","post","type-post","status-publish","format-standard","has-post-thumbnail","hentry","category-brasil-mundo","category-destaque-da-semana","category-noticias","category-politica","category-ultima-hora"],"_links":{"self":[{"href":"https:\/\/diarioregionaldigital.com.br\/index.php?rest_route=\/wp\/v2\/posts\/137672","targetHints":{"allow":["GET"]}}],"collection":[{"href":"https:\/\/diarioregionaldigital.com.br\/index.php?rest_route=\/wp\/v2\/posts"}],"about":[{"href":"https:\/\/diarioregionaldigital.com.br\/index.php?rest_route=\/wp\/v2\/types\/post"}],"author":[{"embeddable":true,"href":"https:\/\/diarioregionaldigital.com.br\/index.php?rest_route=\/wp\/v2\/users\/96"}],"replies":[{"embeddable":true,"href":"https:\/\/diarioregionaldigital.com.br\/index.php?rest_route=%2Fwp%2Fv2%2Fcomments&post=137672"}],"version-history":[{"count":0,"href":"https:\/\/diarioregionaldigital.com.br\/index.php?rest_route=\/wp\/v2\/posts\/137672\/revisions"}],"wp:featuredmedia":[{"embeddable":true,"href":"https:\/\/diarioregionaldigital.com.br\/index.php?rest_route=\/wp\/v2\/media\/137673"}],"wp:attachment":[{"href":"https:\/\/diarioregionaldigital.com.br\/index.php?rest_route=%2Fwp%2Fv2%2Fmedia&parent=137672"}],"wp:term":[{"taxonomy":"category","embeddable":true,"href":"https:\/\/diarioregionaldigital.com.br\/index.php?rest_route=%2Fwp%2Fv2%2Fcategories&post=137672"},{"taxonomy":"post_tag","embeddable":true,"href":"https:\/\/diarioregionaldigital.com.br\/index.php?rest_route=%2Fwp%2Fv2%2Ftags&post=137672"}],"curies":[{"name":"wp","href":"https:\/\/api.w.org\/{rel}","templated":true}]}}