{"id":137629,"date":"2019-04-06T13:20:40","date_gmt":"2019-04-06T16:20:40","guid":{"rendered":"https:\/\/diarioregionaldigital.com.br\/?p=137629"},"modified":"2019-04-09T17:28:13","modified_gmt":"2019-04-09T20:28:13","slug":"arquidiocese-desmente-mensagens-sobre-morte-de-padre-pierre","status":"publish","type":"post","link":"https:\/\/diarioregionaldigital.com.br\/?p=137629","title":{"rendered":"Arquidiocese desmente mensagens sobre morte de Padre Pierre"},"content":{"rendered":"<p>Mensagens sobre o suposto \u00f3bito do idealizador da Missa do Imposs\u00edvel, padre Pierre Maur\u00edcio de Almeida Cantarino, circulam nas redes sociais desde a noite desta sexta-feira, 5. Na manh\u00e3 deste s\u00e1bado, 6, atrav\u00e9s de nota, Arquidiocese de Juiz de Fora desmentiu as informa\u00e7\u00f5es.<\/p>\n<p>Em nota, a Arquidiocese disse que &#8220;pessoas mal intencionadas est\u00e3o espalhando nas redes sociais que o Padre Pierre Maur\u00edcio de Almeida Cantarino, da Par\u00f3quia S\u00e3o Jos\u00e9, teria falecido. Gra\u00e7as a Deus, n\u00e3o passa de Fake News&#8221;. Ainda no comunicado foi informado que Padre Pierre est\u00e1 bem e participar\u00e1 neste s\u00e1bado, 6, \u00e0s 14h, da Via-Sacra do Apostolado da Ora\u00e7\u00e3o ao Morro do Cristo.<\/p>\n<p>Por fim, na nota publicada a Arquidiocese pede para que as pessoas tenham cuidado com o que compartilham nas redes sociais.<\/p>\n<p>&#8220;Em sua mensagem para o 52\u00ba Dia Mundial das Comunica\u00e7\u00f5es Sociais, em 2018, Papa Francisco chamou a aten\u00e7\u00e3o para a dissemina\u00e7\u00e3o de not\u00edcias falsas, principalmente nas redes sociais, onde se alastram rapidamente. \u201cFalsas mas veros\u00edmeis, tais not\u00edcias s\u00e3o capciosas, no sentido que se mostram h\u00e1beis a capturar a aten\u00e7\u00e3o dos destinat\u00e1rios, apoiando-se sobre estere\u00f3tipos e preconceitos generalizados no seio dum certo tecido social, explorando emo\u00e7\u00f5es imediatas e f\u00e1ceis de suscitar como a ansiedade, o desprezo, a ira e a frustra\u00e7\u00e3o. A sua difus\u00e3o pode contar com um uso manipulador das redes sociais e das l\u00f3gicas que subjazem ao seu funcionamento: assim os conte\u00fados, embora desprovidos de fundamento, ganham tal visibilidade que os pr\u00f3prios desmentidos categorizados dificilmente conseguem circunscrever os seus danos\u201d, escreveu o Santo Padre. Cuidado com o que voc\u00ea compartilha nas redes sociais!&#8221;, finalizou.<\/p>\n","protected":false},"excerpt":{"rendered":"<p>Mensagens sobre o suposto \u00f3bito do idealizador da Missa do Imposs\u00edvel, padre Pierre Maur\u00edcio de Almeida Cantarino, circulam nas redes sociais desde a noite desta sexta-feira, 5. Na manh\u00e3 deste s\u00e1bado, 6, atrav\u00e9s de nota, Arquidiocese de Juiz de Fora desmentiu as informa\u00e7\u00f5es. Em nota, a Arquidiocese disse que &#8220;pessoas mal intencionadas est\u00e3o espalhando nas [&hellip;]<\/p>\n","protected":false},"author":96,"featured_media":137631,"comment_status":"closed","ping_status":"closed","sticky":false,"template":"","format":"standard","meta":{"footnotes":""},"categories":[253,436,440,439],"tags":[],"class_list":["post-137629","post","type-post","status-publish","format-standard","has-post-thumbnail","hentry","category-cidade","category-destaque-da-semana","category-destaques-do-dia","category-ultima-hora"],"_links":{"self":[{"href":"https:\/\/diarioregionaldigital.com.br\/index.php?rest_route=\/wp\/v2\/posts\/137629","targetHints":{"allow":["GET"]}}],"collection":[{"href":"https:\/\/diarioregionaldigital.com.br\/index.php?rest_route=\/wp\/v2\/posts"}],"about":[{"href":"https:\/\/diarioregionaldigital.com.br\/index.php?rest_route=\/wp\/v2\/types\/post"}],"author":[{"embeddable":true,"href":"https:\/\/diarioregionaldigital.com.br\/index.php?rest_route=\/wp\/v2\/users\/96"}],"replies":[{"embeddable":true,"href":"https:\/\/diarioregionaldigital.com.br\/index.php?rest_route=%2Fwp%2Fv2%2Fcomments&post=137629"}],"version-history":[{"count":0,"href":"https:\/\/diarioregionaldigital.com.br\/index.php?rest_route=\/wp\/v2\/posts\/137629\/revisions"}],"wp:featuredmedia":[{"embeddable":true,"href":"https:\/\/diarioregionaldigital.com.br\/index.php?rest_route=\/wp\/v2\/media\/137631"}],"wp:attachment":[{"href":"https:\/\/diarioregionaldigital.com.br\/index.php?rest_route=%2Fwp%2Fv2%2Fmedia&parent=137629"}],"wp:term":[{"taxonomy":"category","embeddable":true,"href":"https:\/\/diarioregionaldigital.com.br\/index.php?rest_route=%2Fwp%2Fv2%2Fcategories&post=137629"},{"taxonomy":"post_tag","embeddable":true,"href":"https:\/\/diarioregionaldigital.com.br\/index.php?rest_route=%2Fwp%2Fv2%2Ftags&post=137629"}],"curies":[{"name":"wp","href":"https:\/\/api.w.org\/{rel}","templated":true}]}}