{"id":137622,"date":"2019-04-06T08:31:12","date_gmt":"2019-04-06T11:31:12","guid":{"rendered":"https:\/\/diarioregionaldigital.com.br\/?p=137622"},"modified":"2019-04-06T08:31:12","modified_gmt":"2019-04-06T11:31:12","slug":"settra-realiza-alteracoes-no-transito-nas-regioes-central-e-norte","status":"publish","type":"post","link":"https:\/\/diarioregionaldigital.com.br\/?p=137622","title":{"rendered":"Settra realiza altera\u00e7\u00f5es no tr\u00e2nsito nas regi\u00f5es central e norte"},"content":{"rendered":"<p>Neste domingo, 7, a Secretaria de Transporte e Tr\u00e2nsito (Settra) da Prefeitura de Juiz de Fora (PJF) far\u00e1 altera\u00e7\u00e3o no tr\u00e2nsito no Centro e nos bairros Barbosa Lage, Nova Era (nestes dois bairros com modifica\u00e7\u00e3o do itiner\u00e1rio do transporte coletivo) e Francisco Bernardino.<\/p>\n<p>No Centro, ser\u00e1 interditada a pista central da Avenida Bar\u00e3o do Rio Branco, das 6 \u00e0s 13 horas, entre a Rua Doutor Romualdo e Avenida Doutor Jos\u00e9 Proc\u00f3pio Teixeira, devido \u00e0 realiza\u00e7\u00e3o do \u201cBem Comum Lazer\u201d.<\/p>\n<p>Os ve\u00edculos do transporte coletivo urbano, no sentido Manoel Hon\u00f3rio\/Bom Pastor, dever\u00e3o deixar a parte central da via no cruzamento com a Avenida Presidente Itamar Franco, subindo a pista lateral. No sentido Bom Pastor\/Manoel Hon\u00f3rio, dever\u00e3o retornar \u00e0 a pista central no cruzamento com a Rua Doutor Romualdo. Os pontos de parada ser\u00e3o na pista lateral em frente os atuais da pista central.<\/p>\n<p><b>Regi\u00e3o norte<\/b><\/p>\n<p>Ser\u00e1 interditada a Avenida Garcia Rodrigues Paes, sentido Centro\/ Bairro, no acesso norte, entre a Rua Doardino Longo e trevo do Col\u00e9gio Militar. A interven\u00e7\u00e3o acontece para realiza\u00e7\u00e3o da \u201c4\u00aa Corrida Correndo das Drogas\u201d, das 8 \u00e0s 11 horas, com largada no Parque de Exposi\u00e7\u00f5es.<\/p>\n<p><b>Transporte Coletivo<\/b><\/p>\n<p><b>Linhas 700 e 703<\/b><\/p>\n<p><b>Sentido Bairro \/Centro:<\/b>\u00a0sem altera\u00e7\u00e3o.<\/p>\n<p>Sentido Centro \/ Bairro: Avenida Brasil, Viaduto Engenheiro Ramirez Mozzato Gonzalez, Avenida Presidente Juscelino Kubitschek e retorna no trevo de acesso ao Bairro Santa Maria, passagem de n\u00edvel em Barbosa Lage (linha f\u00e9rrea), Pra\u00e7a de Barbosa Lage, Rua Hon\u00f3rio de Brito, Avenida Ant\u00f4nio Guimar\u00e3es Peralva.<\/p>\n<p><b>Linhas 704 e 705<\/b><\/p>\n<p><b>Sentido Bairro \/ Centro:<\/b>\u00a0sem altera\u00e7\u00e3o.<\/p>\n<p><b>Sentido Centro \/ Bairro:<\/b>\u00a0Avenida Brasil, Viaduto Engenheiro Ramirez Mozzato Gonzalez, Avenida Presidente Juscelino Kubitschek e retorna no trevo de acesso ao Bairro Santa Maria, passagem de n\u00edvel no Barbosa Lage (linha f\u00e9rrea), Pra\u00e7a Barbosa Lage, Rua Hon\u00f3rio de Brito, Avenida Eudoxio Infante Vieira (Estrada da Represa Jo\u00e3o Penido).<\/p>\n<p><b>Linha 727<\/b><\/p>\n<p><b>Sentido Bairro \/Centro:<\/b>\u00a0Rua Maria Eug\u00eania, passagem de n\u00edvel no Bairro Ara\u00fajo (linha f\u00e9rrea), Avenida Presidente Juscelino Kubitschek.<\/p>\n<p><b>Sentido Centro \/ Bairro:<\/b>\u00a0Avenida Brasil, Viaduto Engenheiro Ramirez Mozzato Gonzalez, Avenida Presidente Juscelino Kubitschek, passagem de n\u00edvel no Bairro Ara\u00fajo (linha f\u00e9rrea), Rua Maria Eug\u00eania.<\/p>\n<p><b>Carreata da Par\u00f3quia Nossa Senhora de Lourdes<\/b><\/p>\n<p>A partir das 15h30, ser\u00e1 realizada a carreata da Par\u00f3quia Nossa Senhora de Lourdes, no Bairro Francisco Bernardino. A concentra\u00e7\u00e3o dos fi\u00e9is ser\u00e1 na Avenida Presidente Juscelino Kubitschek, 790 (p\u00e1tio da Igreja Nossa Senhora de Lourdes). De acordo com o avan\u00e7o da carreata o tr\u00e2nsito ser\u00e1 liberado.<\/p>\n<p><b>Percurso:<\/b>\u00a0ruas Tomaz Gonzaga, Berta Halfeld Paleta, Manoel Diniz da Silva, Professor Meton de Alencar, Ab\u00edlio Gomes, Ivan Batista de Oliveira, Doutor Milton Ladeira, A\u00e7ai, Francisco Caputo Queiroz, Roberto Delage Faria, Jos\u00e9 Sim\u00e3o, das Palmeiras, Carna\u00faba, Jacarand\u00e1, Jatob\u00e1 e das Mangueiras, at\u00e9 o n\u00famero 410.<\/p>\n<p>Fonte: PJF<\/p>\n","protected":false},"excerpt":{"rendered":"<p>Neste domingo, 7, a Secretaria de Transporte e Tr\u00e2nsito (Settra) da Prefeitura de Juiz de Fora (PJF) far\u00e1 altera\u00e7\u00e3o no tr\u00e2nsito no Centro e nos bairros Barbosa Lage, Nova Era (nestes dois bairros com modifica\u00e7\u00e3o do itiner\u00e1rio do transporte coletivo) e Francisco Bernardino. No Centro, ser\u00e1 interditada a pista central da Avenida Bar\u00e3o do Rio [&hellip;]<\/p>\n","protected":false},"author":96,"featured_media":136244,"comment_status":"closed","ping_status":"closed","sticky":false,"template":"","format":"standard","meta":{"footnotes":""},"categories":[253,436,439],"tags":[],"class_list":["post-137622","post","type-post","status-publish","format-standard","has-post-thumbnail","hentry","category-cidade","category-destaque-da-semana","category-ultima-hora"],"_links":{"self":[{"href":"https:\/\/diarioregionaldigital.com.br\/index.php?rest_route=\/wp\/v2\/posts\/137622","targetHints":{"allow":["GET"]}}],"collection":[{"href":"https:\/\/diarioregionaldigital.com.br\/index.php?rest_route=\/wp\/v2\/posts"}],"about":[{"href":"https:\/\/diarioregionaldigital.com.br\/index.php?rest_route=\/wp\/v2\/types\/post"}],"author":[{"embeddable":true,"href":"https:\/\/diarioregionaldigital.com.br\/index.php?rest_route=\/wp\/v2\/users\/96"}],"replies":[{"embeddable":true,"href":"https:\/\/diarioregionaldigital.com.br\/index.php?rest_route=%2Fwp%2Fv2%2Fcomments&post=137622"}],"version-history":[{"count":0,"href":"https:\/\/diarioregionaldigital.com.br\/index.php?rest_route=\/wp\/v2\/posts\/137622\/revisions"}],"wp:featuredmedia":[{"embeddable":true,"href":"https:\/\/diarioregionaldigital.com.br\/index.php?rest_route=\/wp\/v2\/media\/136244"}],"wp:attachment":[{"href":"https:\/\/diarioregionaldigital.com.br\/index.php?rest_route=%2Fwp%2Fv2%2Fmedia&parent=137622"}],"wp:term":[{"taxonomy":"category","embeddable":true,"href":"https:\/\/diarioregionaldigital.com.br\/index.php?rest_route=%2Fwp%2Fv2%2Fcategories&post=137622"},{"taxonomy":"post_tag","embeddable":true,"href":"https:\/\/diarioregionaldigital.com.br\/index.php?rest_route=%2Fwp%2Fv2%2Ftags&post=137622"}],"curies":[{"name":"wp","href":"https:\/\/api.w.org\/{rel}","templated":true}]}}