{"id":137610,"date":"2019-04-06T08:23:19","date_gmt":"2019-04-06T11:23:19","guid":{"rendered":"https:\/\/diarioregionaldigital.com.br\/?p=137610"},"modified":"2019-04-06T13:26:08","modified_gmt":"2019-04-06T16:26:08","slug":"pjf-doa-cerca-de-290-kg-de-frutas-para-instituicoes-educacionais-da-cidade","status":"publish","type":"post","link":"https:\/\/diarioregionaldigital.com.br\/?p=137610","title":{"rendered":"PJF doa cerca de 290 kg de frutas para institui\u00e7\u00f5es educacionais da cidade"},"content":{"rendered":"<p>A Secretaria de Meio Ambiente e Ordenamento Urbano (Semaur) da Prefeitura de Juiz de Fora (PJF), por meio do Departamento de Fiscaliza\u00e7\u00e3o Ambiental e Urbano (Dfau), doou, nesta sexta-feira, 5, cerca de 290 kg de frutas para as crian\u00e7as das creches Municipal Francisco Maximiano de Oliveira e Comunit\u00e1ria Professora Maria de Lourdes Rezende, e para o Curumim de Santa Luzia.<\/p>\n<p>As mercadorias foram apreendidas na Avenida Bar\u00e3o do Rio Branco, esquina com a Rua Santa Rita, e adjac\u00eancias, no Centro da cidade. Foram, aproximadamente, 180 kg frutas, entre goiabas e graviolas, al\u00e9m de mapas, isqueiros, sombrinhas, ma\u00e7os de cigarro, caixas de f\u00f3sforo, pap\u00e9is de seda, canetas, chicletes, balas e fones de ouvido. J\u00e1 na Avenida Bar\u00e3o do Rio Branco, esquina com a Rua Sampaio, no Centro, e na Rua Bar\u00e3o de S\u00e3o Marcelino, na zona sul, foram apreendidos cerca de 110 kg de uvas e cajus. Os vendedores n\u00e3o possuem licen\u00e7a para exercer a atividade na cidade.<\/p>\n<p>De acordo com o C\u00f3digo de Posturas do Munic\u00edpio, os alimentos perec\u00edveis n\u00e3o s\u00e3o pass\u00edveis de devolu\u00e7\u00e3o, em qualquer situa\u00e7\u00e3o, por isso, seguiram para doa\u00e7\u00e3o. J\u00e1 sobre as demais mercadorias, o respons\u00e1vel tem, por lei, prazo de dez dias para resgatar o bem, desde que apresente nota fiscal e quite as multas devidas, taxas de apreens\u00e3o e dep\u00f3sitos incidentes. Ap\u00f3s este per\u00edodo, os itens apreendidos tamb\u00e9m poder\u00e3o ser doados pelo Poder Executivo a \u00f3rg\u00e3os oficiais, educacionais ou assistenciais.<\/p>\n<p>Fonte: PJF<\/p>\n","protected":false},"excerpt":{"rendered":"<p>A Secretaria de Meio Ambiente e Ordenamento Urbano (Semaur) da Prefeitura de Juiz de Fora (PJF), por meio do Departamento de Fiscaliza\u00e7\u00e3o Ambiental e Urbano (Dfau), doou, nesta sexta-feira, 5, cerca de 290 kg de frutas para as crian\u00e7as das creches Municipal Francisco Maximiano de Oliveira e Comunit\u00e1ria Professora Maria de Lourdes Rezende, e para [&hellip;]<\/p>\n","protected":false},"author":96,"featured_media":137620,"comment_status":"closed","ping_status":"closed","sticky":false,"template":"","format":"standard","meta":{"footnotes":""},"categories":[253,436,439],"tags":[],"class_list":["post-137610","post","type-post","status-publish","format-standard","has-post-thumbnail","hentry","category-cidade","category-destaque-da-semana","category-ultima-hora"],"_links":{"self":[{"href":"https:\/\/diarioregionaldigital.com.br\/index.php?rest_route=\/wp\/v2\/posts\/137610","targetHints":{"allow":["GET"]}}],"collection":[{"href":"https:\/\/diarioregionaldigital.com.br\/index.php?rest_route=\/wp\/v2\/posts"}],"about":[{"href":"https:\/\/diarioregionaldigital.com.br\/index.php?rest_route=\/wp\/v2\/types\/post"}],"author":[{"embeddable":true,"href":"https:\/\/diarioregionaldigital.com.br\/index.php?rest_route=\/wp\/v2\/users\/96"}],"replies":[{"embeddable":true,"href":"https:\/\/diarioregionaldigital.com.br\/index.php?rest_route=%2Fwp%2Fv2%2Fcomments&post=137610"}],"version-history":[{"count":0,"href":"https:\/\/diarioregionaldigital.com.br\/index.php?rest_route=\/wp\/v2\/posts\/137610\/revisions"}],"wp:featuredmedia":[{"embeddable":true,"href":"https:\/\/diarioregionaldigital.com.br\/index.php?rest_route=\/wp\/v2\/media\/137620"}],"wp:attachment":[{"href":"https:\/\/diarioregionaldigital.com.br\/index.php?rest_route=%2Fwp%2Fv2%2Fmedia&parent=137610"}],"wp:term":[{"taxonomy":"category","embeddable":true,"href":"https:\/\/diarioregionaldigital.com.br\/index.php?rest_route=%2Fwp%2Fv2%2Fcategories&post=137610"},{"taxonomy":"post_tag","embeddable":true,"href":"https:\/\/diarioregionaldigital.com.br\/index.php?rest_route=%2Fwp%2Fv2%2Ftags&post=137610"}],"curies":[{"name":"wp","href":"https:\/\/api.w.org\/{rel}","templated":true}]}}