{"id":137603,"date":"2019-04-06T08:11:40","date_gmt":"2019-04-06T11:11:40","guid":{"rendered":"https:\/\/diarioregionaldigital.com.br\/?p=137603"},"modified":"2019-04-06T08:11:40","modified_gmt":"2019-04-06T11:11:40","slug":"cpi-dos-onibus-apresenta-resultados-da-primeira-fase","status":"publish","type":"post","link":"https:\/\/diarioregionaldigital.com.br\/?p=137603","title":{"rendered":"CPI dos \u00f4nibus apresenta resultados da primeira fase"},"content":{"rendered":"<p>A Comiss\u00e3o Parlamentar de Inqu\u00e9rito (CPI) dos \u00f4nibus atinge uma nova fase. Nesse aspecto, os vereadores integrantes da comiss\u00e3o se reuniram na manh\u00e3 desta sexta-feira, 5, na C\u00e2mara Municipal, para apresentar as considera\u00e7\u00f5es observadas durante as duas visitas realizadas ao longo da semana.<\/p>\n<p>Na madrugada da quarta-feira, 3, os parlamentares visitaram a empresa Gil, integrada ao Cons\u00f3rcio Manchester, onde constataram irregularidades nos assentos de 80 dos 130 \u00f4nibus dispon\u00edveis. Segundo o presidente da CPI, Dr. Adriano Miranda (PHS), houve uma falha grave por parte da fiscaliza\u00e7\u00e3o da Settra em permitir que esses \u00f4nibus continuem em circula\u00e7\u00e3o. \u201cEst\u00e3o desrespeitando de forma contundente a licita\u00e7\u00e3o. \u00c9 um item pequeno, aparentemente de pouca import\u00e2ncia, mas que deve ser observado, como consta no contrato\u201d, criticou o presidente.<\/p>\n<p>\u201cFomos criticados quanto aos atrasos ocasionados devido \u00e0s visitas, mas isso foi algo pontual, frente aos atrasos di\u00e1rios que j\u00e1 acontecem. E o que justifica isso n\u00e3o \u00e9 a visita da CPI, mas a incompet\u00eancia das empresas no cumprimento dos hor\u00e1rios\u201d, acrescentou o Sargento Mello Casal (PTB), que sugeriu ainda o retorno \u00e0 empresa para verificar todos os 140 carros, diante dos estragos constantes que tiram os \u00f4nibus de circula\u00e7\u00e3o.<\/p>\n<p>Na quinta-feira, 4, eles compareceram \u00e0s garagens da Auto Nossa Senhora Aparecida (Ansal), no bairro Bandeirantes, do Transporte Urbano S\u00e3o Miguel (Tusmil), em S\u00e3o Pedro, e da Via\u00e7\u00e3o S\u00e3o Francisco, no Nova Era, integradas ao Cons\u00f3rcio Via JF. Em ambas as empresas foram constatados itens em desacordo com o contrato, como cinto de seguran\u00e7a do assento para cadeirantes sem higieniza\u00e7\u00e3o, uso de pneu dianteiro rechapado, ve\u00edculos com o interior molhado, vidros sujos, al\u00e9m de carros com modelo referente a 2009.<\/p>\n<p>Na ocasi\u00e3o, foi observado tamb\u00e9m a falta de equipamento que possibilite a correta fiscaliza\u00e7\u00e3o. \u201cApesar de n\u00e3o termos essa prerrogativa, observamos que os fiscais da Settra n\u00e3o tinham ao menos um paqu\u00edmetro para verificar os pneus, que faz parte do checklist\u201d, acrescentou o Mello. \u201cDurante uma conversa entre um funcion\u00e1rio e o fiscal da Secretaria de Tr\u00e2nsito, soubemos tamb\u00e9m que os carros reservas est\u00e3o estragados. Precisamos supervisionar isso tamb\u00e9m\u201d, ressaltou o vereador.<\/p>\n<p>Al\u00e9m das irregularidades mec\u00e2nicas, os vereadores apontaram as contradi\u00e7\u00f5es entre o alto n\u00famero de autua\u00e7\u00f5es e o valor pago referente \u00e0s multas. Segundo o Mello Casal, ap\u00f3s dois anos de contrato, a Settra j\u00e1 fez mais de mil autua\u00e7\u00f5es. Para ele, esse n\u00famero \u00a0aumentou consideravelmente ap\u00f3s a instaura\u00e7\u00e3o da CPI, o que representa um m\u00e9rito para o trabalho realizado pelos vereadores. \u201cO que julgamos inadmiss\u00edvel e assustador \u00e9 o fato de que as multas representaram apenas o montante de R$2.600 ao longo deste per\u00edodo. Enquanto as autua\u00e7\u00f5es ficam em processo de recursos, a popula\u00e7\u00e3o sofre com as irregularidades\u201d, salientou. O presidente da CPI ratificou que \u201ctrata-se de um contrato que privilegia o infrator. As empresas preferem arcar com os valores baixos das multas do que se adequar e proporcionar mais seguran\u00e7a aos usu\u00e1rios\u201d.<\/p>\n<p>Finalizando as apresenta\u00e7\u00f5es, Z\u00e9 M\u00e1rcio Garotinho (PV) garantiu a continuidade dos trabalhos. \u201cTemos que vistoriar o servi\u00e7o em funcionamento, ou seja, as a\u00e7\u00f5es de campo v\u00e3o continuar\u201d, disse o vereador, que sugeriu ainda a visita aos pontos finais das linhas.<\/p>\n<p>Na pr\u00f3xima reuni\u00e3o, prevista para segunda-feira, 8, os vereadores v\u00e3o se reunir para sugerir os nomes dos t\u00e9cnicos, empres\u00e1rios e demais envolvidos que dever\u00e3o ser convocados para as oitivas. Momento em que o vereador Wanderson Castelar (PT) prop\u00f4s tamb\u00e9m a convoca\u00e7\u00e3o de Ricardo Mendanha, respons\u00e1vel pelo plano de mobilidade contratado pela Prefeitura por meio de consultoria. \u00a0O hor\u00e1rio da reuni\u00e3o ainda n\u00e3o foi confirmado.<\/p>\n<p>A partir das visitas, todo o material levantado pela CPI ser\u00e1 organizado no relat\u00f3rio final e posteriormente encaminhado para os \u00f3rg\u00e3os competentes, de acordo com as considera\u00e7\u00f5es apuradas.<\/p>\n<p>Fonte: CMJF<\/p>\n","protected":false},"excerpt":{"rendered":"<p>A Comiss\u00e3o Parlamentar de Inqu\u00e9rito (CPI) dos \u00f4nibus atinge uma nova fase. Nesse aspecto, os vereadores integrantes da comiss\u00e3o se reuniram na manh\u00e3 desta sexta-feira, 5, na C\u00e2mara Municipal, para apresentar as considera\u00e7\u00f5es observadas durante as duas visitas realizadas ao longo da semana. Na madrugada da quarta-feira, 3, os parlamentares visitaram a empresa Gil, integrada [&hellip;]<\/p>\n","protected":false},"author":96,"featured_media":137614,"comment_status":"closed","ping_status":"closed","sticky":false,"template":"","format":"standard","meta":{"footnotes":""},"categories":[253,436,440,439],"tags":[],"class_list":["post-137603","post","type-post","status-publish","format-standard","has-post-thumbnail","hentry","category-cidade","category-destaque-da-semana","category-destaques-do-dia","category-ultima-hora"],"_links":{"self":[{"href":"https:\/\/diarioregionaldigital.com.br\/index.php?rest_route=\/wp\/v2\/posts\/137603","targetHints":{"allow":["GET"]}}],"collection":[{"href":"https:\/\/diarioregionaldigital.com.br\/index.php?rest_route=\/wp\/v2\/posts"}],"about":[{"href":"https:\/\/diarioregionaldigital.com.br\/index.php?rest_route=\/wp\/v2\/types\/post"}],"author":[{"embeddable":true,"href":"https:\/\/diarioregionaldigital.com.br\/index.php?rest_route=\/wp\/v2\/users\/96"}],"replies":[{"embeddable":true,"href":"https:\/\/diarioregionaldigital.com.br\/index.php?rest_route=%2Fwp%2Fv2%2Fcomments&post=137603"}],"version-history":[{"count":0,"href":"https:\/\/diarioregionaldigital.com.br\/index.php?rest_route=\/wp\/v2\/posts\/137603\/revisions"}],"wp:featuredmedia":[{"embeddable":true,"href":"https:\/\/diarioregionaldigital.com.br\/index.php?rest_route=\/wp\/v2\/media\/137614"}],"wp:attachment":[{"href":"https:\/\/diarioregionaldigital.com.br\/index.php?rest_route=%2Fwp%2Fv2%2Fmedia&parent=137603"}],"wp:term":[{"taxonomy":"category","embeddable":true,"href":"https:\/\/diarioregionaldigital.com.br\/index.php?rest_route=%2Fwp%2Fv2%2Fcategories&post=137603"},{"taxonomy":"post_tag","embeddable":true,"href":"https:\/\/diarioregionaldigital.com.br\/index.php?rest_route=%2Fwp%2Fv2%2Ftags&post=137603"}],"curies":[{"name":"wp","href":"https:\/\/api.w.org\/{rel}","templated":true}]}}