{"id":137602,"date":"2019-04-06T07:56:19","date_gmt":"2019-04-06T10:56:19","guid":{"rendered":"https:\/\/diarioregionaldigital.com.br\/?p=137602"},"modified":"2019-04-06T07:56:19","modified_gmt":"2019-04-06T10:56:19","slug":"boletins-de-ocorrencia-poderao-conter-dados-sobre-a-condicao-de-deficiencia-de-vitimas","status":"publish","type":"post","link":"https:\/\/diarioregionaldigital.com.br\/?p=137602","title":{"rendered":"Boletins de ocorr\u00eancia poder\u00e3o conter dados sobre a condi\u00e7\u00e3o de defici\u00eancia de v\u00edtimas"},"content":{"rendered":"<p>A informa\u00e7\u00e3o sobre condi\u00e7\u00e3o de defici\u00eancia da mulher v\u00edtima de viol\u00eancia dom\u00e9stica pode ser obrigat\u00f3ria no registro do boletim de ocorr\u00eancia (BO). A Comiss\u00e3o de Direitos Humanos e Legisla\u00e7\u00e3o Participativa (CDH) analisa nesta quinta-feira, 11, o Projeto de Lei da C\u00e2mara (PLC)\u00a0<a class=\"external-link\" href=\"http:\/\/www25.senado.leg.br\/web\/atividade\/materias\/-\/materia\/130629\">96\/2017<\/a>. Da deputada federal Rosangela Gomes (PRB-RJ), o texto foi relatado pela senadora Rose de Freitas (Pode-ES), com parecer favor\u00e1vel. Na avalia\u00e7\u00e3o da senadora, a mat\u00e9ria procura evitar a \u201ccovardia ainda maior\u201d que \u00e9 a pr\u00e1tica de viol\u00eancia contra uma mulher com defici\u00eancia.<\/p>\n<p>\u201cJ\u00e1 vulner\u00e1veis em fun\u00e7\u00e3o da cultura e das institui\u00e7\u00f5es tradicionais, as mulheres com defici\u00eancia est\u00e3o ainda mais expostas \u00e0 covardia machista\u201d, refor\u00e7ou a senadora no relat\u00f3rio, citando dados da ONG Essas Mulheres que revelam que 68% das ocorr\u00eancias de viol\u00eancia contra pessoas com defici\u00eancia s\u00e3o contra mulheres. O levantamento aponta ainda que 82% das ocorr\u00eancias de viol\u00eancia sexual contra pessoas com defici\u00eancia s\u00e3o contra mulheres.<\/p>\n<p>Aprovado na CDH, o projeto segue para an\u00e1lise da Comiss\u00e3o de Constitui\u00e7\u00e3o, Justi\u00e7a e Cidadania (CCJ), em decis\u00e3o terminativa.<\/p>\n<h3><strong>Narguil\u00e9s<\/strong><\/h3>\n<p>Tamb\u00e9m est\u00e1 na pauta da CDH, projeto que pro\u00edbe a venda de narguil\u00e9s para crian\u00e7as e adolescentes. A proibi\u00e7\u00e3o se estende a acess\u00f3rios como cachimbos, piteiras e papeis para enrolar cigarro.<\/p>\n<p>O\u00a0<a class=\"external-link\" href=\"http:\/\/www25.senado.leg.br\/web\/atividade\/materias\/-\/materia\/134471\">PLC 104\/2018<\/a>\u00a0\u00e9 do deputado Antonio Bulh\u00f5es (PRB-SP) e foi aprovado pela C\u00e2mara dos Deputados em outubro. Ele altera o Estatuto da Crian\u00e7a e do Adolescente (<a class=\"external-link\" href=\"http:\/\/www.planalto.gov.br\/ccivil_03\/LEIS\/L8069.htm\">ECA &#8211; Lei 8.069, de 1990<\/a>) para acrescentar os acess\u00f3rios \u00e0 lista de itens cuja venda para menores de idade n\u00e3o \u00e9 permitida. A lista atualmente inclui armas, bebidas alco\u00f3licas, fogos de artif\u00edcio e bilhetes lot\u00e9ricos, entre outros. Pelo texto, a venda deve ser punida com multa e interdi\u00e7\u00e3o do estabelecimento comercial.<\/p>\n<p>O senador Nelsinho Trad (PSD-MS) relatou a proposta e apresentou duas emendas ao texto. A primeira delas altera a abrang\u00eancia da proibi\u00e7\u00e3o incluindo no PLC &#8220;quaisquer acess\u00f3rios utilizados no consumo do fumo&#8221;. A segunda estende as san\u00e7\u00f5es tamb\u00e9m aos estabelecimentos que venderem esses acess\u00f3rios.<\/p>\n<p>\u201cAssim, refor\u00e7amos a j\u00e1 existente criminaliza\u00e7\u00e3o da venda de cigarro e fum\u00edgenos a menores de idade\u201d, explicou.<\/p>\n<h3><strong>Medida socioeducativa<\/strong><\/h3>\n<p>Uma outra proposta que deve ser discutida na CDH trata do aumento da puni\u00e7\u00e3o a menores infratores. Atualmente, o Estatuto da Crian\u00e7a e do Adolescente (ECA) estabelece tr\u00eas anos como tempo m\u00e1ximo para interna\u00e7\u00e3o. O\u00a0PLS 428\/2018, no entanto, amplia esse prazo para at\u00e9 15 anos em caso de crimes hediondos. O projeto foi apresentado pelo ex-senador Jos\u00e9 Medeiros (MT) e relatado por Rose de Freitas, que considerou &#8220;razo\u00e1vel&#8221; o endurecimento da pena.<\/p>\n<p>\u201cParece-nos plenamente razo\u00e1vel que se admita uma restrita exce\u00e7\u00e3o ao limite de tr\u00eas anos para a interna\u00e7\u00e3o de adolescentes infratores. E tal exce\u00e7\u00e3o apenas ser\u00e1 verificada na excepcional e seri\u00edssima situa\u00e7\u00e3o da pr\u00e1tica de ato an\u00e1logo a crime hediondo. \u00c9 esse, seguramente, o desejo da sociedade brasileira, j\u00e1 cansada de tanta criminalidade e impunidade\u201d, considerou em seu parecer.<\/p>\n<p>Pelo texto, o tempo de interna\u00e7\u00e3o m\u00e1xima ser\u00e1 mantido em tr\u00eas anos para os atos infracionais de menor gravidade cometidos por adolescentes. O PLS 428\/2018 ter\u00e1 vota\u00e7\u00e3o final na Comiss\u00e3o de Constitui\u00e7\u00e3o, Justi\u00e7a e Cidadania (CCJ).<\/p>\n<p>A reuni\u00e3o da CDH est\u00e1 marcada para 9h, no Plen\u00e1rio 2 da Ala Nilo Coelho.<\/p>\n<p>Fonte: Ag\u00eancia Senado<\/p>\n","protected":false},"excerpt":{"rendered":"<p>A informa\u00e7\u00e3o sobre condi\u00e7\u00e3o de defici\u00eancia da mulher v\u00edtima de viol\u00eancia dom\u00e9stica pode ser obrigat\u00f3ria no registro do boletim de ocorr\u00eancia (BO). A Comiss\u00e3o de Direitos Humanos e Legisla\u00e7\u00e3o Participativa (CDH) analisa nesta quinta-feira, 11, o Projeto de Lei da C\u00e2mara (PLC)\u00a096\/2017. Da deputada federal Rosangela Gomes (PRB-RJ), o texto foi relatado pela senadora Rose [&hellip;]<\/p>\n","protected":false},"author":96,"featured_media":137604,"comment_status":"closed","ping_status":"closed","sticky":false,"template":"","format":"standard","meta":{"footnotes":""},"categories":[436,254,439],"tags":[],"class_list":["post-137602","post","type-post","status-publish","format-standard","has-post-thumbnail","hentry","category-destaque-da-semana","category-politica","category-ultima-hora"],"_links":{"self":[{"href":"https:\/\/diarioregionaldigital.com.br\/index.php?rest_route=\/wp\/v2\/posts\/137602","targetHints":{"allow":["GET"]}}],"collection":[{"href":"https:\/\/diarioregionaldigital.com.br\/index.php?rest_route=\/wp\/v2\/posts"}],"about":[{"href":"https:\/\/diarioregionaldigital.com.br\/index.php?rest_route=\/wp\/v2\/types\/post"}],"author":[{"embeddable":true,"href":"https:\/\/diarioregionaldigital.com.br\/index.php?rest_route=\/wp\/v2\/users\/96"}],"replies":[{"embeddable":true,"href":"https:\/\/diarioregionaldigital.com.br\/index.php?rest_route=%2Fwp%2Fv2%2Fcomments&post=137602"}],"version-history":[{"count":0,"href":"https:\/\/diarioregionaldigital.com.br\/index.php?rest_route=\/wp\/v2\/posts\/137602\/revisions"}],"wp:featuredmedia":[{"embeddable":true,"href":"https:\/\/diarioregionaldigital.com.br\/index.php?rest_route=\/wp\/v2\/media\/137604"}],"wp:attachment":[{"href":"https:\/\/diarioregionaldigital.com.br\/index.php?rest_route=%2Fwp%2Fv2%2Fmedia&parent=137602"}],"wp:term":[{"taxonomy":"category","embeddable":true,"href":"https:\/\/diarioregionaldigital.com.br\/index.php?rest_route=%2Fwp%2Fv2%2Fcategories&post=137602"},{"taxonomy":"post_tag","embeddable":true,"href":"https:\/\/diarioregionaldigital.com.br\/index.php?rest_route=%2Fwp%2Fv2%2Ftags&post=137602"}],"curies":[{"name":"wp","href":"https:\/\/api.w.org\/{rel}","templated":true}]}}