{"id":137601,"date":"2019-04-06T08:00:49","date_gmt":"2019-04-06T11:00:49","guid":{"rendered":"https:\/\/diarioregionaldigital.com.br\/?p=137601"},"modified":"2019-04-06T08:00:49","modified_gmt":"2019-04-06T11:00:49","slug":"lula-fica-em-silencio-em-depoimento-a-pf","status":"publish","type":"post","link":"https:\/\/diarioregionaldigital.com.br\/?p=137601","title":{"rendered":"Lula fica em sil\u00eancio em depoimento \u00e0 PF"},"content":{"rendered":"<p>O ex-presidente Luiz In\u00e1cio Lula da Silva ficou em sil\u00eancio durante depoimento prestado na sexta-feira, 5, na Superintend\u00eancia da Pol\u00edcia Federal (PF) em Curitiba, onde est\u00e1 preso.<\/p>\n<p>Segundo a defesa, Lula n\u00e3o teve acesso antecipado ao conte\u00fado da investiga\u00e7\u00e3o. \u00a0Na oitiva, a PF pretendia questionar o ex-presidente sobre o conhecimento dele da suposta cobran\u00e7a de propina em contratos de navios-sonda da Petrobras e nas obras da Usina Hidrel\u00e9trica de Belo Monte.<\/p>\n<p>Em mar\u00e7o, o ministro Edson Fachin, do Supremo Tribunal Federal (STF), aceitou o pedido da defesa do ex-presidente e\u00a0suspendeu o mesmo depoimento.<\/p>\n<p>Na decis\u00e3o, Fachin concordou com a defesa e determinou prazo m\u00ednimo de cinco dias \u00fateis para que os advogados possam analisar os processos antes do depoimento.<\/p>\n<p>A defesa de Lula, desde sua pris\u00e3o em abril de 2018, reitera a inoc\u00eancia dele e diz que ele n\u00e3o cometeu crimes em momento algum. O ex-presidente tamb\u00e9m afirma que n\u00e3o cometeu irregularidades.<\/p>\n<p>Lula est\u00e1 preso desde 7 de abril do ano passado, ap\u00f3s ter sua condena\u00e7\u00e3o confirmada pelo TRF4, que imp\u00f4s pena de 12 anos e um m\u00eas de pris\u00e3o ao ex-presidente, pelos crimes de corrup\u00e7\u00e3o passiva e lavagem de dinheiro, no processo do tr\u00edplex do Guaruj\u00e1 (SP).<\/p>\n<p>Fonte: Ag\u00eancia Brasil<\/p>\n","protected":false},"excerpt":{"rendered":"<p>O ex-presidente Luiz In\u00e1cio Lula da Silva ficou em sil\u00eancio durante depoimento prestado na sexta-feira, 5, na Superintend\u00eancia da Pol\u00edcia Federal (PF) em Curitiba, onde est\u00e1 preso. Segundo a defesa, Lula n\u00e3o teve acesso antecipado ao conte\u00fado da investiga\u00e7\u00e3o. \u00a0Na oitiva, a PF pretendia questionar o ex-presidente sobre o conhecimento dele da suposta cobran\u00e7a de [&hellip;]<\/p>\n","protected":false},"author":96,"featured_media":137606,"comment_status":"closed","ping_status":"closed","sticky":false,"template":"","format":"standard","meta":{"footnotes":""},"categories":[436,254,439],"tags":[],"class_list":["post-137601","post","type-post","status-publish","format-standard","has-post-thumbnail","hentry","category-destaque-da-semana","category-politica","category-ultima-hora"],"_links":{"self":[{"href":"https:\/\/diarioregionaldigital.com.br\/index.php?rest_route=\/wp\/v2\/posts\/137601","targetHints":{"allow":["GET"]}}],"collection":[{"href":"https:\/\/diarioregionaldigital.com.br\/index.php?rest_route=\/wp\/v2\/posts"}],"about":[{"href":"https:\/\/diarioregionaldigital.com.br\/index.php?rest_route=\/wp\/v2\/types\/post"}],"author":[{"embeddable":true,"href":"https:\/\/diarioregionaldigital.com.br\/index.php?rest_route=\/wp\/v2\/users\/96"}],"replies":[{"embeddable":true,"href":"https:\/\/diarioregionaldigital.com.br\/index.php?rest_route=%2Fwp%2Fv2%2Fcomments&post=137601"}],"version-history":[{"count":0,"href":"https:\/\/diarioregionaldigital.com.br\/index.php?rest_route=\/wp\/v2\/posts\/137601\/revisions"}],"wp:featuredmedia":[{"embeddable":true,"href":"https:\/\/diarioregionaldigital.com.br\/index.php?rest_route=\/wp\/v2\/media\/137606"}],"wp:attachment":[{"href":"https:\/\/diarioregionaldigital.com.br\/index.php?rest_route=%2Fwp%2Fv2%2Fmedia&parent=137601"}],"wp:term":[{"taxonomy":"category","embeddable":true,"href":"https:\/\/diarioregionaldigital.com.br\/index.php?rest_route=%2Fwp%2Fv2%2Fcategories&post=137601"},{"taxonomy":"post_tag","embeddable":true,"href":"https:\/\/diarioregionaldigital.com.br\/index.php?rest_route=%2Fwp%2Fv2%2Ftags&post=137601"}],"curies":[{"name":"wp","href":"https:\/\/api.w.org\/{rel}","templated":true}]}}