{"id":137590,"date":"2019-04-06T07:20:11","date_gmt":"2019-04-06T10:20:11","guid":{"rendered":"https:\/\/diarioregionaldigital.com.br\/?p=137590"},"modified":"2019-04-06T07:22:56","modified_gmt":"2019-04-06T10:22:56","slug":"bolsonaro-afirma-que-nao-havera-horario-de-verao-em-2019","status":"publish","type":"post","link":"https:\/\/diarioregionaldigital.com.br\/?p=137590","title":{"rendered":"Bolsonaro afirma que n\u00e3o haver\u00e1 hor\u00e1rio de ver\u00e3o em 2019"},"content":{"rendered":"<p>O presidente Jair Bolsonaro afirmou\u00a0nessa sexta-feira, 5, que decidiu n\u00e3o adotar o hor\u00e1rio de ver\u00e3o este ano. Segundo ele, a decis\u00e3o foi baseada em um parecer do ministro de\u00a0Minas\u00a0e Energia, Bento Albuquerque, que aponta pouca efetividade na economia energ\u00e9tica.<\/p>\n<p>&#8220;Ele [ministro] trouxe um parecer 100% favor\u00e1vel ao fim do hor\u00e1rio de ver\u00e3o. No parecer dele, [o hor\u00e1rio de ver\u00e3o] n\u00e3o causa economia [de energia] para n\u00f3s e mexe\u00a0no teu rel\u00f3gio biol\u00f3gico, ent\u00e3o atrapalha a economia, em parte. E s\u00f3 temos o que ganhar, no meu entender, mantendo o hor\u00e1rio como est\u00e1&#8221;, disse Bolsonaro, logo ap\u00f3s participar da inaugura\u00e7\u00e3o do espa\u00e7o de atendimento da Ouvidoria da Presid\u00eancia da Rep\u00fablica, no Pal\u00e1cio do Planalto.<\/p>\n<p>No ano passado, estudos da Secretaria de Energia El\u00e9trica (SEE), do Minist\u00e9rio de Minas e Energia (MME), em parceria com o Operador Nacional do Sistema El\u00e9trico (ONS),\u00a0apontaram que em termos de economia de energia, a medida n\u00e3o tem sido mesmo eficiente, j\u00e1 que os resultados alcan\u00e7ados foram pr\u00f3ximos \u00e0 \u201cneutralidade\u201d. O hor\u00e1rio de\u00a0ver\u00e3o foi criado\u00a0 em 1931 com o intuito de economizar energia, a partir do aproveitamento de luz solar no per\u00edodo mais quente do ano, e tem sido aplicado no pa\u00eds, sem\u00a0interrup\u00e7\u00e3o, ao longo dos \u00faltimos \u00faltimos 35 anos.<\/p>\n<p>Normalmente, o hor\u00e1rio de ver\u00e3o ocorre entre outubro e fevereiro, quando os rel\u00f3gios devem ser adiantados em uma hora, e vigora nos estados de S\u00e3o Paulo, Rio\u00a0de\u00a0Janeiro, Minas Gerais, Esp\u00edrito Santo, Rio Grande do Sul, Santa Catarina, Paran\u00e1, Goi\u00e1s, Mato Grosso, Mato Grosso do Sul e no Distrito Federal.<\/p>\n<p>Fonte: Ag\u00eancia Brasil<\/p>\n","protected":false},"excerpt":{"rendered":"<p>O presidente Jair Bolsonaro afirmou\u00a0nessa sexta-feira, 5, que decidiu n\u00e3o adotar o hor\u00e1rio de ver\u00e3o este ano. Segundo ele, a decis\u00e3o foi baseada em um parecer do ministro de\u00a0Minas\u00a0e Energia, Bento Albuquerque, que aponta pouca efetividade na economia energ\u00e9tica. &#8220;Ele [ministro] trouxe um parecer 100% favor\u00e1vel ao fim do hor\u00e1rio de ver\u00e3o. No parecer dele, [&hellip;]<\/p>\n","protected":false},"author":96,"featured_media":137591,"comment_status":"closed","ping_status":"closed","sticky":false,"template":"","format":"standard","meta":{"footnotes":""},"categories":[436,440,261,439],"tags":[],"class_list":["post-137590","post","type-post","status-publish","format-standard","has-post-thumbnail","hentry","category-destaque-da-semana","category-destaques-do-dia","category-economia","category-ultima-hora"],"_links":{"self":[{"href":"https:\/\/diarioregionaldigital.com.br\/index.php?rest_route=\/wp\/v2\/posts\/137590","targetHints":{"allow":["GET"]}}],"collection":[{"href":"https:\/\/diarioregionaldigital.com.br\/index.php?rest_route=\/wp\/v2\/posts"}],"about":[{"href":"https:\/\/diarioregionaldigital.com.br\/index.php?rest_route=\/wp\/v2\/types\/post"}],"author":[{"embeddable":true,"href":"https:\/\/diarioregionaldigital.com.br\/index.php?rest_route=\/wp\/v2\/users\/96"}],"replies":[{"embeddable":true,"href":"https:\/\/diarioregionaldigital.com.br\/index.php?rest_route=%2Fwp%2Fv2%2Fcomments&post=137590"}],"version-history":[{"count":0,"href":"https:\/\/diarioregionaldigital.com.br\/index.php?rest_route=\/wp\/v2\/posts\/137590\/revisions"}],"wp:featuredmedia":[{"embeddable":true,"href":"https:\/\/diarioregionaldigital.com.br\/index.php?rest_route=\/wp\/v2\/media\/137591"}],"wp:attachment":[{"href":"https:\/\/diarioregionaldigital.com.br\/index.php?rest_route=%2Fwp%2Fv2%2Fmedia&parent=137590"}],"wp:term":[{"taxonomy":"category","embeddable":true,"href":"https:\/\/diarioregionaldigital.com.br\/index.php?rest_route=%2Fwp%2Fv2%2Fcategories&post=137590"},{"taxonomy":"post_tag","embeddable":true,"href":"https:\/\/diarioregionaldigital.com.br\/index.php?rest_route=%2Fwp%2Fv2%2Ftags&post=137590"}],"curies":[{"name":"wp","href":"https:\/\/api.w.org\/{rel}","templated":true}]}}