{"id":137589,"date":"2019-04-06T07:19:03","date_gmt":"2019-04-06T10:19:03","guid":{"rendered":"https:\/\/diarioregionaldigital.com.br\/?p=137589"},"modified":"2019-04-06T07:32:18","modified_gmt":"2019-04-06T10:32:18","slug":"receita-abre-na-segunda-consulta-a-lote-da-malha-fina-do-ir","status":"publish","type":"post","link":"https:\/\/diarioregionaldigital.com.br\/?p=137589","title":{"rendered":"Receita abre na segunda consulta a lote da malha fina do IR"},"content":{"rendered":"<p>A Receita Federal abre na\u00a0segunda-feira, 8, consulta ao lote residual de restitui\u00e7\u00e3o do Imposto de Renda (IR) Pessoa F\u00edsica\u00a0de abril. Ao todo, ser\u00e3o desembolsados R$ 210 milh\u00f5es para 91,3 mil contribuintes que estavam na malha fina das declara\u00e7\u00f5es de 2008 a 2018, mas regularizaram as pend\u00eancias com o Fisco.<\/p>\n<p>A lista com os nomes estar\u00e1 dispon\u00edvel a partir das 9h no\u00a0<a href=\"http:\/\/www.receita.fazenda.gov.br\/\" target=\"_blank\" rel=\"noopener\"><em>site<\/em>\u00a0da Receita<\/a>\u00a0na internet. A consulta tamb\u00e9m pode ser feita pelo Receitafone, no n\u00famero 146. A Receita oferece ainda aplicativo para\u00a0<em>tablets\u00a0<\/em>e\u00a0<em>smartphones<\/em>, que permite o acompanhamento das restitui\u00e7\u00f5es.<\/p>\n<p>As restitui\u00e7\u00f5es\u00a0ter\u00e3o corre\u00e7\u00e3o de 6,64%, para o lote de 2018, a 108,76% para o de 2008. Em todos os casos, os \u00edndices t\u00eam como base a taxa Selic (juros b\u00e1sicos da economia) acumulada entre a entrega da declara\u00e7\u00e3o at\u00e9 este m\u00eas.<\/p>\n<p>O dinheiro ser\u00e1 depositado nas contas informadas na declara\u00e7\u00e3o no pr\u00f3ximo dia 15. O contribuinte que n\u00e3o receber a restitui\u00e7\u00e3o dever\u00e1 ir a qualquer ag\u00eancia do Banco do Brasil ou ligar para os telefones 4004-0001 (capitais),\u00a00800-729-0001\u00a0(demais localidades) e\u00a00800-729-0088\u00a0(telefone especial exclusivo para pessoas com defici\u00eancia) para\u00a0ter\u00a0acesso ao pagamento.<\/p>\n<p>Fonte: Ag\u00eancia Brasil<\/p>\n","protected":false},"excerpt":{"rendered":"<p>A Receita Federal abre na\u00a0segunda-feira, 8, consulta ao lote residual de restitui\u00e7\u00e3o do Imposto de Renda (IR) Pessoa F\u00edsica\u00a0de abril. Ao todo, ser\u00e3o desembolsados R$ 210 milh\u00f5es para 91,3 mil contribuintes que estavam na malha fina das declara\u00e7\u00f5es de 2008 a 2018, mas regularizaram as pend\u00eancias com o Fisco. A lista com os nomes estar\u00e1 [&hellip;]<\/p>\n","protected":false},"author":96,"featured_media":137597,"comment_status":"closed","ping_status":"closed","sticky":false,"template":"","format":"standard","meta":{"footnotes":""},"categories":[436,440,261,439],"tags":[],"class_list":["post-137589","post","type-post","status-publish","format-standard","has-post-thumbnail","hentry","category-destaque-da-semana","category-destaques-do-dia","category-economia","category-ultima-hora"],"_links":{"self":[{"href":"https:\/\/diarioregionaldigital.com.br\/index.php?rest_route=\/wp\/v2\/posts\/137589","targetHints":{"allow":["GET"]}}],"collection":[{"href":"https:\/\/diarioregionaldigital.com.br\/index.php?rest_route=\/wp\/v2\/posts"}],"about":[{"href":"https:\/\/diarioregionaldigital.com.br\/index.php?rest_route=\/wp\/v2\/types\/post"}],"author":[{"embeddable":true,"href":"https:\/\/diarioregionaldigital.com.br\/index.php?rest_route=\/wp\/v2\/users\/96"}],"replies":[{"embeddable":true,"href":"https:\/\/diarioregionaldigital.com.br\/index.php?rest_route=%2Fwp%2Fv2%2Fcomments&post=137589"}],"version-history":[{"count":0,"href":"https:\/\/diarioregionaldigital.com.br\/index.php?rest_route=\/wp\/v2\/posts\/137589\/revisions"}],"wp:featuredmedia":[{"embeddable":true,"href":"https:\/\/diarioregionaldigital.com.br\/index.php?rest_route=\/wp\/v2\/media\/137597"}],"wp:attachment":[{"href":"https:\/\/diarioregionaldigital.com.br\/index.php?rest_route=%2Fwp%2Fv2%2Fmedia&parent=137589"}],"wp:term":[{"taxonomy":"category","embeddable":true,"href":"https:\/\/diarioregionaldigital.com.br\/index.php?rest_route=%2Fwp%2Fv2%2Fcategories&post=137589"},{"taxonomy":"post_tag","embeddable":true,"href":"https:\/\/diarioregionaldigital.com.br\/index.php?rest_route=%2Fwp%2Fv2%2Ftags&post=137589"}],"curies":[{"name":"wp","href":"https:\/\/api.w.org\/{rel}","templated":true}]}}