{"id":137583,"date":"2019-04-05T16:23:46","date_gmt":"2019-04-05T19:23:46","guid":{"rendered":"https:\/\/diarioregionaldigital.com.br\/?p=137583"},"modified":"2019-04-05T16:23:46","modified_gmt":"2019-04-05T19:23:46","slug":"comissao-criada-para-avaliar-questoes-do-enem-conclui-trabalho","status":"publish","type":"post","link":"https:\/\/diarioregionaldigital.com.br\/?p=137583","title":{"rendered":"Comiss\u00e3o criada para avaliar quest\u00f5es do Enem conclui trabalho"},"content":{"rendered":"<p>A comiss\u00e3o criada para decidir as quest\u00f5es que v\u00e3o entrar no Exame Nacional do Ensino M\u00e9dio (Enem) deste ano j\u00e1 concluiu o trabalho de an\u00e1lise dos itens previstos. Segundo o Intituto Nacional de Estudos e Pesquisas Eduacacionais An\u00edsio Teixeira (Inep), os resultados da an\u00e1lise n\u00e3o ser\u00e3o divulgados dado o car\u00e1ter sigiloso do Banco Nacional de Itens (BNI), que \u00e9 composto por quest\u00f5es que ficam dispon\u00edveis para aplica\u00e7\u00f5es do Enem.<\/p>\n<p>De acordo com nota t\u00e9cnica publicada pelo Inep, a comiss\u00e3o,\u00a0criada\u00a0no dia 20 de mar\u00e7o deste ano, deveria &#8220;identificar abordagens controversas com teor ofensivo a segmentos e grupos sociais, s\u00edmbolos, tradi\u00e7\u00f5es e costumes nacionais&#8221; e, com base nessa an\u00e1lise, recomendar que tais itens n\u00e3o fossem usados na montagem do exame deste ano.<\/p>\n<p>As recomenda\u00e7\u00f5es ainda ter\u00e3o de passar pela Diretoria de Avalia\u00e7\u00e3o da Educa\u00e7\u00e3o B\u00e1sica do Inep, que dever\u00e1 emitir um contraparecer para cada um dos itens avaliados. A decis\u00e3o final sobre o uso de tais itens no exame de 2019 caber\u00e1 ao presidente da autarquia, cargo que est\u00e1 sendo ocupado interinamente por Carlos Sampaio.<\/p>\n<p>O grupo era composto pelo secret\u00e1rio de Regula\u00e7\u00e3o e Supervis\u00e3o da Educa\u00e7\u00e3o Superior do Minist\u00e9rio da Educa\u00e7\u00e3o (MEC), Marco Ant\u00f4nio Barroso, pelo diretor de Estudos Educacionais do Inep, Antonio Maur\u00edcio das Neves, e por um representante da sociedade civil, Gilberto Callado de Oliveira.<\/p>\n<p>Como a elabora\u00e7\u00e3o de uma quest\u00e3o \u00e9 um processo longo e oneroso, o Inep garantiu que nenhum\u00a0 item ser\u00e1 descartado. As quest\u00f5es dissonantes ser\u00e3o separadas para posterior adequa\u00e7\u00e3o, testagem e utiliza\u00e7\u00e3o, se for o caso.<\/p>\n<h2>Questionamento<\/h2>\n<p>Nesta semana, a Procuradoria Federal dos Direitos do Cidad\u00e3o (PFDC), do Minist\u00e9rio P\u00fablico Federal (MPF), pediu novas explica\u00e7\u00f5es ao Inep sobre a instala\u00e7\u00e3o da comiss\u00e3o.<\/p>\n<p>A procuradoria j\u00e1\u00a0havia solicitado ao Inep detalhes\u00a0das avalia\u00e7\u00f5es feitas em rela\u00e7\u00e3o ao Enem 2018 que levaram \u00e0 conclus\u00e3o da necessidade de ado\u00e7\u00e3o da etapa t\u00e9cnica de revis\u00e3o do BNI, assim como quais profissionais especialistas em avalia\u00e7\u00e3o educacional e quais institui\u00e7\u00f5es de educa\u00e7\u00e3o superior participaram desse trabalho. Em nota, o Inep afirma que todas as informa\u00e7\u00f5es t\u00e9cnicas pertinentes foram encaminhadas \u00e0 procuradoria, no prazo estipulado de cinco dias \u00fateis.<\/p>\n<p>As explica\u00e7\u00f5es, no entanto, foram consideradas &#8220;insuficientes&#8221; pela PFDC, que enviou, esta semana, novo of\u00edcio ao Inep pedindo informa\u00e7\u00f5es sobre os crit\u00e9rios sugeridos na avalia\u00e7\u00e3o feita pela comiss\u00e3o e a qualifica\u00e7\u00e3o t\u00e9cnica e profissional dos membros do grupo.<\/p>\n<p>A PFDC pediu tamb\u00e9m informa\u00e7\u00f5es sobre os subs\u00eddios oferecidos \u00e0 comiss\u00e3o para assegurar que os trabalhos observassem os par\u00e2metros psicom\u00e9tricos, o desenho esperado da prova e a matriz de refer\u00eancia do exame, conforme estabelece a normativa na \u00e1rea. A procuradoria estipulou um novo prazo de cinco dias para que a autarquia responda ao pedido.<\/p>\n<p>Em nota, o Inep diz que j\u00e1 foi notificado sobre o novo pedido da PFDC e que vai responder oportunamente.<\/p>\n<p>&nbsp;<\/p>\n<p>Fonte: Ag\u00eancia Brasil<\/p>\n","protected":false},"excerpt":{"rendered":"<p>A comiss\u00e3o criada para decidir as quest\u00f5es que v\u00e3o entrar no Exame Nacional do Ensino M\u00e9dio (Enem) deste ano j\u00e1 concluiu o trabalho de an\u00e1lise dos itens previstos. Segundo o Intituto Nacional de Estudos e Pesquisas Eduacacionais An\u00edsio Teixeira (Inep), os resultados da an\u00e1lise n\u00e3o ser\u00e3o divulgados dado o car\u00e1ter sigiloso do Banco Nacional de [&hellip;]<\/p>\n","protected":false},"author":96,"featured_media":137585,"comment_status":"closed","ping_status":"closed","sticky":false,"template":"","format":"standard","meta":{"footnotes":""},"categories":[302,436,440,262,439],"tags":[],"class_list":["post-137583","post","type-post","status-publish","format-standard","has-post-thumbnail","hentry","category-brasil-mundo","category-destaque-da-semana","category-destaques-do-dia","category-noticias","category-ultima-hora"],"_links":{"self":[{"href":"https:\/\/diarioregionaldigital.com.br\/index.php?rest_route=\/wp\/v2\/posts\/137583","targetHints":{"allow":["GET"]}}],"collection":[{"href":"https:\/\/diarioregionaldigital.com.br\/index.php?rest_route=\/wp\/v2\/posts"}],"about":[{"href":"https:\/\/diarioregionaldigital.com.br\/index.php?rest_route=\/wp\/v2\/types\/post"}],"author":[{"embeddable":true,"href":"https:\/\/diarioregionaldigital.com.br\/index.php?rest_route=\/wp\/v2\/users\/96"}],"replies":[{"embeddable":true,"href":"https:\/\/diarioregionaldigital.com.br\/index.php?rest_route=%2Fwp%2Fv2%2Fcomments&post=137583"}],"version-history":[{"count":0,"href":"https:\/\/diarioregionaldigital.com.br\/index.php?rest_route=\/wp\/v2\/posts\/137583\/revisions"}],"wp:featuredmedia":[{"embeddable":true,"href":"https:\/\/diarioregionaldigital.com.br\/index.php?rest_route=\/wp\/v2\/media\/137585"}],"wp:attachment":[{"href":"https:\/\/diarioregionaldigital.com.br\/index.php?rest_route=%2Fwp%2Fv2%2Fmedia&parent=137583"}],"wp:term":[{"taxonomy":"category","embeddable":true,"href":"https:\/\/diarioregionaldigital.com.br\/index.php?rest_route=%2Fwp%2Fv2%2Fcategories&post=137583"},{"taxonomy":"post_tag","embeddable":true,"href":"https:\/\/diarioregionaldigital.com.br\/index.php?rest_route=%2Fwp%2Fv2%2Ftags&post=137583"}],"curies":[{"name":"wp","href":"https:\/\/api.w.org\/{rel}","templated":true}]}}