{"id":137580,"date":"2019-04-05T15:54:24","date_gmt":"2019-04-05T18:54:24","guid":{"rendered":"https:\/\/diarioregionaldigital.com.br\/?p=137580"},"modified":"2019-04-05T15:54:24","modified_gmt":"2019-04-05T18:54:24","slug":"viuva-de-marielle-comemora-espaco-em-paris-com-nome-da-vereadora","status":"publish","type":"post","link":"https:\/\/diarioregionaldigital.com.br\/?p=137580","title":{"rendered":"Vi\u00fava de Marielle comemora espa\u00e7o em Paris com nome da vereadora"},"content":{"rendered":"<p>M\u00f4nica Ben\u00edcio, vi\u00fava da vereadora Marielle Franco (PSOL-RJ), disse\u00a0hoje\u00a0(1\u00ba) que a decis\u00e3o da cidade de Paris de batizar uma localidade p\u00fablica com o nome da ativista, executada h\u00e1 um ano, \u00e9 uma mensagem contra a viol\u00eancia aos defensores de direitos humanos e homenagem \u00e0s mulheres negras. Para ela, a decis\u00e3o fortalece e ajuda a proteger a vida de ativistas\u00a0principalmente\u00a0no Brasil.<\/p>\n<p>\u201cA decis\u00e3o foi muito relevante diante da discuss\u00e3o do significado e da necessidade do defensor de direitos humanos no mundo\u00a0hoje\u201d, disse. \u201cA gente vem vivendo uma onde de retrocessos que \u00e9 global e o Brasil \u00e9 um dos pa\u00edses mais perigosos para esses ativistas. Ter\u00a0a imagem de Marielle tornando-se esse s\u00edmbolo, da import\u00e2ncia do papel dos defensores de direitos humanos, \u00e9 muito importante e cumpre o papel de preserva\u00e7\u00e3o da mem\u00f3ria dela.\u201d<\/p>\n<p>Segundo a vi\u00fava, a decis\u00e3o na Fran\u00e7a vai incentivar a uni\u00e3o e a sensibiliza\u00e7\u00e3o em torno de causas sociais independentemente das posi\u00e7\u00f5es ideol\u00f3gicas.<\/p>\n<p>A prefeita parisiense comemorou a decis\u00e3o nas redes sociais. \u201cEst\u00e1 feito! Seguindo o nosso pedido, o #ConseildeParis votou por unanimidade para criar um caminho Marielle Franco em Paris. Este desejo reflete a vontade do munic\u00edpio que um lugar p\u00fablico com o nome #MarielleFranco possa nascer na capital francesa\u201d, disse\u00a0na sua conta no Twitter.<\/p>\n<p>&nbsp;<\/p>\n<p>Fonte: Ag\u00eancia Brasil<\/p>\n","protected":false},"excerpt":{"rendered":"<p>M\u00f4nica Ben\u00edcio, vi\u00fava da vereadora Marielle Franco (PSOL-RJ), disse\u00a0hoje\u00a0(1\u00ba) que a decis\u00e3o da cidade de Paris de batizar uma localidade p\u00fablica com o nome da ativista, executada h\u00e1 um ano, \u00e9 uma mensagem contra a viol\u00eancia aos defensores de direitos humanos e homenagem \u00e0s mulheres negras. Para ela, a decis\u00e3o fortalece e ajuda a proteger [&hellip;]<\/p>\n","protected":false},"author":96,"featured_media":137581,"comment_status":"closed","ping_status":"closed","sticky":false,"template":"","format":"standard","meta":{"footnotes":""},"categories":[302,436,262,439],"tags":[],"class_list":["post-137580","post","type-post","status-publish","format-standard","has-post-thumbnail","hentry","category-brasil-mundo","category-destaque-da-semana","category-noticias","category-ultima-hora"],"_links":{"self":[{"href":"https:\/\/diarioregionaldigital.com.br\/index.php?rest_route=\/wp\/v2\/posts\/137580","targetHints":{"allow":["GET"]}}],"collection":[{"href":"https:\/\/diarioregionaldigital.com.br\/index.php?rest_route=\/wp\/v2\/posts"}],"about":[{"href":"https:\/\/diarioregionaldigital.com.br\/index.php?rest_route=\/wp\/v2\/types\/post"}],"author":[{"embeddable":true,"href":"https:\/\/diarioregionaldigital.com.br\/index.php?rest_route=\/wp\/v2\/users\/96"}],"replies":[{"embeddable":true,"href":"https:\/\/diarioregionaldigital.com.br\/index.php?rest_route=%2Fwp%2Fv2%2Fcomments&post=137580"}],"version-history":[{"count":0,"href":"https:\/\/diarioregionaldigital.com.br\/index.php?rest_route=\/wp\/v2\/posts\/137580\/revisions"}],"wp:featuredmedia":[{"embeddable":true,"href":"https:\/\/diarioregionaldigital.com.br\/index.php?rest_route=\/wp\/v2\/media\/137581"}],"wp:attachment":[{"href":"https:\/\/diarioregionaldigital.com.br\/index.php?rest_route=%2Fwp%2Fv2%2Fmedia&parent=137580"}],"wp:term":[{"taxonomy":"category","embeddable":true,"href":"https:\/\/diarioregionaldigital.com.br\/index.php?rest_route=%2Fwp%2Fv2%2Fcategories&post=137580"},{"taxonomy":"post_tag","embeddable":true,"href":"https:\/\/diarioregionaldigital.com.br\/index.php?rest_route=%2Fwp%2Fv2%2Ftags&post=137580"}],"curies":[{"name":"wp","href":"https:\/\/api.w.org\/{rel}","templated":true}]}}