{"id":137576,"date":"2019-04-05T15:49:09","date_gmt":"2019-04-05T18:49:09","guid":{"rendered":"https:\/\/diarioregionaldigital.com.br\/?p=137576"},"modified":"2019-04-05T15:49:09","modified_gmt":"2019-04-05T18:49:09","slug":"flamengo-e-fluminense-vao-administrar-o-maracana","status":"publish","type":"post","link":"https:\/\/diarioregionaldigital.com.br\/?p=137576","title":{"rendered":"Flamengo e Fluminense v\u00e3o administrar o Maracan\u00e3"},"content":{"rendered":"<p>O cons\u00f3rcio formado pelos clubes Flamengo e Fluminense \u00e9 o novo administrador do Maracan\u00e3. O an\u00fancio foi feito nesta sexta-feira, 5, pelo governador do Rio de Janeiro, Wilson Witzel. Em princ\u00edpio, os clubes v\u00e3o administrar o est\u00e1dio por 180 dias, prorrog\u00e1veis por mais 180 dias.<\/p>\n<p>Witzel explicou que usar\u00e1 esse tempo para preparar uma nova licita\u00e7\u00e3o para o est\u00e1dio de futebol. O novo contrato dever\u00e1 prever a concess\u00e3o do espa\u00e7o por 35 anos.<\/p>\n<p>Flamengo e Fluminense ter\u00e3o de arcar com custos mensais de manuten\u00e7\u00e3o do est\u00e1dio, cerca de R$ 2 milh\u00f5es, e mais um repasse de verba para o governo estadual. Eles tamb\u00e9m ter\u00e3o o direito de explorar o Tour Maracan\u00e3, passeio que leva os visitantes para conhecer o est\u00e1dio.<\/p>\n<p>O an\u00fancio foi feito por Witzel por meio das redes sociais j\u00e1 que ele est\u00e1 em Boston, nos Estados Unidos.<\/p>\n<p>&nbsp;<\/p>\n<p>Fonte: Ag\u00eancia Brasil<\/p>\n","protected":false},"excerpt":{"rendered":"<p>O cons\u00f3rcio formado pelos clubes Flamengo e Fluminense \u00e9 o novo administrador do Maracan\u00e3. O an\u00fancio foi feito nesta sexta-feira, 5, pelo governador do Rio de Janeiro, Wilson Witzel. Em princ\u00edpio, os clubes v\u00e3o administrar o est\u00e1dio por 180 dias, prorrog\u00e1veis por mais 180 dias. Witzel explicou que usar\u00e1 esse tempo para preparar uma nova [&hellip;]<\/p>\n","protected":false},"author":96,"featured_media":137578,"comment_status":"closed","ping_status":"closed","sticky":false,"template":"","format":"standard","meta":{"footnotes":""},"categories":[436,257,262,439],"tags":[],"class_list":["post-137576","post","type-post","status-publish","format-standard","has-post-thumbnail","hentry","category-destaque-da-semana","category-esporte","category-noticias","category-ultima-hora"],"_links":{"self":[{"href":"https:\/\/diarioregionaldigital.com.br\/index.php?rest_route=\/wp\/v2\/posts\/137576","targetHints":{"allow":["GET"]}}],"collection":[{"href":"https:\/\/diarioregionaldigital.com.br\/index.php?rest_route=\/wp\/v2\/posts"}],"about":[{"href":"https:\/\/diarioregionaldigital.com.br\/index.php?rest_route=\/wp\/v2\/types\/post"}],"author":[{"embeddable":true,"href":"https:\/\/diarioregionaldigital.com.br\/index.php?rest_route=\/wp\/v2\/users\/96"}],"replies":[{"embeddable":true,"href":"https:\/\/diarioregionaldigital.com.br\/index.php?rest_route=%2Fwp%2Fv2%2Fcomments&post=137576"}],"version-history":[{"count":0,"href":"https:\/\/diarioregionaldigital.com.br\/index.php?rest_route=\/wp\/v2\/posts\/137576\/revisions"}],"wp:featuredmedia":[{"embeddable":true,"href":"https:\/\/diarioregionaldigital.com.br\/index.php?rest_route=\/wp\/v2\/media\/137578"}],"wp:attachment":[{"href":"https:\/\/diarioregionaldigital.com.br\/index.php?rest_route=%2Fwp%2Fv2%2Fmedia&parent=137576"}],"wp:term":[{"taxonomy":"category","embeddable":true,"href":"https:\/\/diarioregionaldigital.com.br\/index.php?rest_route=%2Fwp%2Fv2%2Fcategories&post=137576"},{"taxonomy":"post_tag","embeddable":true,"href":"https:\/\/diarioregionaldigital.com.br\/index.php?rest_route=%2Fwp%2Fv2%2Ftags&post=137576"}],"curies":[{"name":"wp","href":"https:\/\/api.w.org\/{rel}","templated":true}]}}