{"id":137571,"date":"2019-04-05T15:36:22","date_gmt":"2019-04-05T18:36:22","guid":{"rendered":"https:\/\/diarioregionaldigital.com.br\/?p=137571"},"modified":"2019-04-05T15:36:22","modified_gmt":"2019-04-05T18:36:22","slug":"filme-dirigido-por-professor-da-ufjf-participa-de-festival-internacional","status":"publish","type":"post","link":"https:\/\/diarioregionaldigital.com.br\/?p=137571","title":{"rendered":"Filme dirigido por professor da UFJF participa de festival internacional"},"content":{"rendered":"<p>O filme O Galante rei da boca, co-dirigido pelo professor do bacharelado em cinema do\u00a0Instituto de Artes e Design (IAD)\u00a0da\u00a0Universidade Federal de Juiz de Fora (UFJF), Lu\u00eds Alberto Rocha Melo, \u00e9 uma das atra\u00e7\u00f5es do festival\u00a0\u00c9 Tudo Verdade \u2013 2019\u00a0e est\u00e1 dispon\u00edvel no site do Ita\u00fa Cultural at\u00e9 14 de abril.<\/p>\n<p>O\u00a0m\u00e9dia-metragem\u00a0conta a trajet\u00f3ria do produtor Antonio Polo Galante, que entre 1960 e 1980 produziu mais de 60 filmes, com temas que v\u00e3o desde o canga\u00e7o a com\u00e9dias er\u00f3ticas, dramas psicol\u00f3gicos e bangue-bangues. As obras feitas na \u201cboca do lixo\u201d, nome dado \u00e0 produ\u00e7\u00e3o paulistana de filmes populares, renderam a Galante o apelido de rei da boca. \u201cQuando nosso document\u00e1rio foi realizado, no in\u00edcio dos anos 2000, viv\u00edamos um processo de revis\u00e3o da hist\u00f3ria do cinema brasileiro. Acredito que O Galante rei da boca faz parte desse processo de amplia\u00e7\u00e3o e de desdobramento de novos estudos sobre os m\u00faltiplos aspectos do cinema realizado no pa\u00eds. Foi uma experi\u00eancia muito gratificante, um enorme aprendizado\u201d, comenta Melo.<\/p>\n<p>Al\u00e9m da participa\u00e7\u00e3o em outros festivais brasileiros e internacionais, o filme j\u00e1 participou de outra edi\u00e7\u00e3o do festival \u00c9 Tudo Verdade em 2004, quando\u00a0ganhou o pr\u00eamio de melhor document\u00e1rio pela Associa\u00e7\u00e3o Brasileira de Documentaristas e Curta-metragistas (ABD-SP). \u201cO filme surgiu de uma amizade com o Alessandro Gamo, com quem dividi a dire\u00e7\u00e3o. Uma amizade em grande parte constru\u00edda pelo gosto comum que t\u00ednhamos e continuamos a ter pelo cinema brasileiro e por seus personagens. Em nossas muitas conversas em S\u00e3o Paulo, acabamos chegando ao Galante, um produtor que, apesar de sua import\u00e2ncia, era muito pouco ou quase nada estudado.\u201d<\/p>\n<p>O festival internacional \u00c9 Tudo Verdade est\u00e1 em sua 24\u00aa edi\u00e7\u00e3o e, com o apoio do Ita\u00fa Cultural, disponibiliza de maneira gratuita quatro document\u00e1rios que abordam diferentes momentos da hist\u00f3ria do cinema brasileiro. \u201cA participa\u00e7\u00e3o nesta mostra on-line \u00e9 excelente, pois temos agora a possibilidade de atingir um p\u00fablico novo, diferente, extremamente heterog\u00eaneo, com outras refer\u00eancias pol\u00edticas e culturais, al\u00e9m de muito amplo.\u201d<\/p>\n<p>A sequ\u00eancia dirigida por Melo comp\u00f5e a carteira de filmes em DVD do Programa Brasil, e tamb\u00e9m ganhou os pr\u00eamios de: melhor pesquisa no III Recine \u2013 Festival Internacional de Cinema de Arquivo 2004 (RJ); men\u00e7\u00e3o honrosa pelo J\u00fari Oficial no Festival Latino-Americano de Cinema e V\u00eddeo Cinesul 2004 (RJ e DF) e j\u00e1 foi exibido no Canal Brasil e no Canal Curta!<\/p>\n<p>&nbsp;<\/p>\n<p>Fonte: UFJF<\/p>\n","protected":false},"excerpt":{"rendered":"<p>O filme O Galante rei da boca, co-dirigido pelo professor do bacharelado em cinema do\u00a0Instituto de Artes e Design (IAD)\u00a0da\u00a0Universidade Federal de Juiz de Fora (UFJF), Lu\u00eds Alberto Rocha Melo, \u00e9 uma das atra\u00e7\u00f5es do festival\u00a0\u00c9 Tudo Verdade \u2013 2019\u00a0e est\u00e1 dispon\u00edvel no site do Ita\u00fa Cultural at\u00e9 14 de abril. O\u00a0m\u00e9dia-metragem\u00a0conta a trajet\u00f3ria do [&hellip;]<\/p>\n","protected":false},"author":96,"featured_media":137573,"comment_status":"closed","ping_status":"closed","sticky":false,"template":"","format":"standard","meta":{"footnotes":""},"categories":[256,436,262,439],"tags":[],"class_list":["post-137571","post","type-post","status-publish","format-standard","has-post-thumbnail","hentry","category-cultura","category-destaque-da-semana","category-noticias","category-ultima-hora"],"_links":{"self":[{"href":"https:\/\/diarioregionaldigital.com.br\/index.php?rest_route=\/wp\/v2\/posts\/137571","targetHints":{"allow":["GET"]}}],"collection":[{"href":"https:\/\/diarioregionaldigital.com.br\/index.php?rest_route=\/wp\/v2\/posts"}],"about":[{"href":"https:\/\/diarioregionaldigital.com.br\/index.php?rest_route=\/wp\/v2\/types\/post"}],"author":[{"embeddable":true,"href":"https:\/\/diarioregionaldigital.com.br\/index.php?rest_route=\/wp\/v2\/users\/96"}],"replies":[{"embeddable":true,"href":"https:\/\/diarioregionaldigital.com.br\/index.php?rest_route=%2Fwp%2Fv2%2Fcomments&post=137571"}],"version-history":[{"count":0,"href":"https:\/\/diarioregionaldigital.com.br\/index.php?rest_route=\/wp\/v2\/posts\/137571\/revisions"}],"wp:featuredmedia":[{"embeddable":true,"href":"https:\/\/diarioregionaldigital.com.br\/index.php?rest_route=\/wp\/v2\/media\/137573"}],"wp:attachment":[{"href":"https:\/\/diarioregionaldigital.com.br\/index.php?rest_route=%2Fwp%2Fv2%2Fmedia&parent=137571"}],"wp:term":[{"taxonomy":"category","embeddable":true,"href":"https:\/\/diarioregionaldigital.com.br\/index.php?rest_route=%2Fwp%2Fv2%2Fcategories&post=137571"},{"taxonomy":"post_tag","embeddable":true,"href":"https:\/\/diarioregionaldigital.com.br\/index.php?rest_route=%2Fwp%2Fv2%2Ftags&post=137571"}],"curies":[{"name":"wp","href":"https:\/\/api.w.org\/{rel}","templated":true}]}}