{"id":137559,"date":"2019-04-05T14:50:35","date_gmt":"2019-04-05T17:50:35","guid":{"rendered":"https:\/\/diarioregionaldigital.com.br\/?p=137559"},"modified":"2019-04-05T14:50:35","modified_gmt":"2019-04-05T17:50:35","slug":"inflacao-para-familias-com-renda-mais-baixa-sobe-para-067-em-marco","status":"publish","type":"post","link":"https:\/\/diarioregionaldigital.com.br\/?p=137559","title":{"rendered":"Infla\u00e7\u00e3o para fam\u00edlias com renda mais baixa sobe para 0,67% em mar\u00e7o"},"content":{"rendered":"<p>O \u00cdndice de Pre\u00e7os ao Consumidor-Classe 1 (IPC-C1), que mede a infla\u00e7\u00e3o para fam\u00edlias com renda at\u00e9 2,5 sal\u00e1rios m\u00ednimos, \u00e9 de 0,67% em mar\u00e7o.<\/p>\n<p>A taxa ficou acima do 0,49% de fevereiro. Com o resultado, o indicador acumula alta de 1,77% no ano e 5,42% nos \u00faltimos 12 meses. Os dados foram divulgados nesta sexta-feira, 5,\u00a0 no Rio de Janeiro, pela Funda\u00e7\u00e3o Getulio Vargas (FGV).<\/p>\n<p>Os IPCs s\u00e3o calculados com base em pre\u00e7os coletados em sete capitais: Bras\u00edlia, S\u00e3o Paulo, Rio de Janeiro, Belo Horizonte, Porto Alegre, Recife e Salvador.<\/p>\n<p>A infla\u00e7\u00e3o medida pelo IPC-C1 em mar\u00e7o ficou acima das taxas observadas pelo \u00cdndice de Pre\u00e7os ao Consumidor\u2013Brasil (IPC-BR), que apura a varia\u00e7\u00e3o da cesta de compras para todas as faixas de renda. O IPC-BR registrou infla\u00e7\u00e3o de 0,65% em mar\u00e7o e 4,88% em 12 meses.<\/p>\n<p>Em mar\u00e7o, quatro das oito classes de despesa componentes do IPC-C1 apresentaram aumento de fevereiro para mar\u00e7o: transportes (de 0,22% para 1,27%), alimenta\u00e7\u00e3o (de 0,97% para 1,23%), vestu\u00e1rio (de -0,04% para 0,61%) e educa\u00e7\u00e3o, leitura e recrea\u00e7\u00e3o (de -0,24% para 0,1%).<\/p>\n<p>Quatro grupos de despesa tiveram queda na taxa no per\u00edodo: habita\u00e7\u00e3o (de 0,4% para 0,2%), sa\u00fade e cuidados pessoais (de 0,5% para 0,25%), despesas diversas (de 0,08% para -0,15%) e comunica\u00e7\u00e3o (de -0,05% para -0,06%).<\/p>\n<p>&nbsp;<\/p>\n<p>Fonte: Ag\u00eancia Brasil<\/p>\n","protected":false},"excerpt":{"rendered":"<p>O \u00cdndice de Pre\u00e7os ao Consumidor-Classe 1 (IPC-C1), que mede a infla\u00e7\u00e3o para fam\u00edlias com renda at\u00e9 2,5 sal\u00e1rios m\u00ednimos, \u00e9 de 0,67% em mar\u00e7o. A taxa ficou acima do 0,49% de fevereiro. Com o resultado, o indicador acumula alta de 1,77% no ano e 5,42% nos \u00faltimos 12 meses. Os dados foram divulgados nesta [&hellip;]<\/p>\n","protected":false},"author":96,"featured_media":137561,"comment_status":"closed","ping_status":"closed","sticky":false,"template":"","format":"standard","meta":{"footnotes":""},"categories":[436,261,262,439],"tags":[],"class_list":["post-137559","post","type-post","status-publish","format-standard","has-post-thumbnail","hentry","category-destaque-da-semana","category-economia","category-noticias","category-ultima-hora"],"_links":{"self":[{"href":"https:\/\/diarioregionaldigital.com.br\/index.php?rest_route=\/wp\/v2\/posts\/137559","targetHints":{"allow":["GET"]}}],"collection":[{"href":"https:\/\/diarioregionaldigital.com.br\/index.php?rest_route=\/wp\/v2\/posts"}],"about":[{"href":"https:\/\/diarioregionaldigital.com.br\/index.php?rest_route=\/wp\/v2\/types\/post"}],"author":[{"embeddable":true,"href":"https:\/\/diarioregionaldigital.com.br\/index.php?rest_route=\/wp\/v2\/users\/96"}],"replies":[{"embeddable":true,"href":"https:\/\/diarioregionaldigital.com.br\/index.php?rest_route=%2Fwp%2Fv2%2Fcomments&post=137559"}],"version-history":[{"count":0,"href":"https:\/\/diarioregionaldigital.com.br\/index.php?rest_route=\/wp\/v2\/posts\/137559\/revisions"}],"wp:featuredmedia":[{"embeddable":true,"href":"https:\/\/diarioregionaldigital.com.br\/index.php?rest_route=\/wp\/v2\/media\/137561"}],"wp:attachment":[{"href":"https:\/\/diarioregionaldigital.com.br\/index.php?rest_route=%2Fwp%2Fv2%2Fmedia&parent=137559"}],"wp:term":[{"taxonomy":"category","embeddable":true,"href":"https:\/\/diarioregionaldigital.com.br\/index.php?rest_route=%2Fwp%2Fv2%2Fcategories&post=137559"},{"taxonomy":"post_tag","embeddable":true,"href":"https:\/\/diarioregionaldigital.com.br\/index.php?rest_route=%2Fwp%2Fv2%2Ftags&post=137559"}],"curies":[{"name":"wp","href":"https:\/\/api.w.org\/{rel}","templated":true}]}}