{"id":137551,"date":"2019-04-05T14:33:25","date_gmt":"2019-04-05T17:33:25","guid":{"rendered":"https:\/\/diarioregionaldigital.com.br\/?p=137551"},"modified":"2019-04-05T14:33:25","modified_gmt":"2019-04-05T17:33:25","slug":"advogado-geral-da-uniao-diz-que-setores-querem-manter-privilegios","status":"publish","type":"post","link":"https:\/\/diarioregionaldigital.com.br\/?p=137551","title":{"rendered":"Advogado-geral da Uni\u00e3o diz que setores querem manter privil\u00e9gios"},"content":{"rendered":"<p>O advogado-geral da Uni\u00e3o, Andr\u00e9 Mendon\u00e7a, disse\u00a0nesta sexta-feira, 5, estar seguro de que todos os pontos da proposta de emenda constitucional (PEC) sobre a reforma da Previd\u00eancia, enviada ao Congresso, est\u00e3o dentro do permitido pela Constitui\u00e7\u00e3o, mas que ainda assim alguns setores da sociedade buscar\u00e3o argumentos jur\u00eddicos para tentar manter privil\u00e9gios.<\/p>\n<p>\u201cSetores, principalmente uma ala corporativista da sociedade, v\u00e3o buscar manter direitos e alguns privil\u00e9gios. Tudo aquilo que envolve quebra de privil\u00e9gio \u00e9 um ponto sens\u00edvel de judicializa\u00e7\u00e3o, mas n\u00f3s temos seguran\u00e7a de que estamos fazendo n\u00e3o s\u00f3 o certo para o pa\u00eds, mas o certo dentro dos par\u00e2metros que a Constitui\u00e7\u00e3o nos permite fazer\u201d, disse Mendon\u00e7a.<\/p>\n<p>O advogado-geral da Uni\u00e3o destacou que, mesmo antes da proposta ser enviada ao Congresso, a Procuradoria-Geral da Fazenda Nacional (PGFN) mapeou preventivamente todos os pontos pass\u00edveis de contesta\u00e7\u00e3o judicial. \u201cEnt\u00e3o, vai haver judicializa\u00e7\u00e3o? Vai haver nesses pontos, possivelmente, mas n\u00f3s temos seguran\u00e7a\u201d, disse Mendon\u00e7a.<\/p>\n<p>O debate da reforma da Previd\u00eancia est\u00e1 na Comiss\u00e3o de Constitui\u00e7\u00e3o e Justi\u00e7a (CCJ) da C\u00e2mara, uma vez aprovada segue para a comiss\u00e3o especial da Casa, depois para duas vota\u00e7\u00f5es no plen\u00e1rio. A tramita\u00e7\u00e3o no Senado \u00e9 a etapa final.<\/p>\n<p>&nbsp;<\/p>\n<p>Fonte: Ag\u00eancia Brasil<\/p>\n","protected":false},"excerpt":{"rendered":"<p>O advogado-geral da Uni\u00e3o, Andr\u00e9 Mendon\u00e7a, disse\u00a0nesta sexta-feira, 5, estar seguro de que todos os pontos da proposta de emenda constitucional (PEC) sobre a reforma da Previd\u00eancia, enviada ao Congresso, est\u00e3o dentro do permitido pela Constitui\u00e7\u00e3o, mas que ainda assim alguns setores da sociedade buscar\u00e3o argumentos jur\u00eddicos para tentar manter privil\u00e9gios. \u201cSetores, principalmente uma ala [&hellip;]<\/p>\n","protected":false},"author":96,"featured_media":137553,"comment_status":"closed","ping_status":"closed","sticky":false,"template":"","format":"standard","meta":{"footnotes":""},"categories":[436,262,254,439],"tags":[],"class_list":["post-137551","post","type-post","status-publish","format-standard","has-post-thumbnail","hentry","category-destaque-da-semana","category-noticias","category-politica","category-ultima-hora"],"_links":{"self":[{"href":"https:\/\/diarioregionaldigital.com.br\/index.php?rest_route=\/wp\/v2\/posts\/137551","targetHints":{"allow":["GET"]}}],"collection":[{"href":"https:\/\/diarioregionaldigital.com.br\/index.php?rest_route=\/wp\/v2\/posts"}],"about":[{"href":"https:\/\/diarioregionaldigital.com.br\/index.php?rest_route=\/wp\/v2\/types\/post"}],"author":[{"embeddable":true,"href":"https:\/\/diarioregionaldigital.com.br\/index.php?rest_route=\/wp\/v2\/users\/96"}],"replies":[{"embeddable":true,"href":"https:\/\/diarioregionaldigital.com.br\/index.php?rest_route=%2Fwp%2Fv2%2Fcomments&post=137551"}],"version-history":[{"count":0,"href":"https:\/\/diarioregionaldigital.com.br\/index.php?rest_route=\/wp\/v2\/posts\/137551\/revisions"}],"wp:featuredmedia":[{"embeddable":true,"href":"https:\/\/diarioregionaldigital.com.br\/index.php?rest_route=\/wp\/v2\/media\/137553"}],"wp:attachment":[{"href":"https:\/\/diarioregionaldigital.com.br\/index.php?rest_route=%2Fwp%2Fv2%2Fmedia&parent=137551"}],"wp:term":[{"taxonomy":"category","embeddable":true,"href":"https:\/\/diarioregionaldigital.com.br\/index.php?rest_route=%2Fwp%2Fv2%2Fcategories&post=137551"},{"taxonomy":"post_tag","embeddable":true,"href":"https:\/\/diarioregionaldigital.com.br\/index.php?rest_route=%2Fwp%2Fv2%2Ftags&post=137551"}],"curies":[{"name":"wp","href":"https:\/\/api.w.org\/{rel}","templated":true}]}}