{"id":137547,"date":"2019-04-05T14:29:56","date_gmt":"2019-04-05T17:29:56","guid":{"rendered":"https:\/\/diarioregionaldigital.com.br\/?p=137547"},"modified":"2019-04-05T14:29:56","modified_gmt":"2019-04-05T17:29:56","slug":"fotografo-gervasio-baptista-morre-aos-95-anos","status":"publish","type":"post","link":"https:\/\/diarioregionaldigital.com.br\/?p=137547","title":{"rendered":"Fot\u00f3grafo Gerv\u00e1sio Baptista morre aos 95 anos"},"content":{"rendered":"<p>O fot\u00f3grafo Gerv\u00e1sio Baptista morreu hoje, 5, por volta das 8h\u00a0em Bras\u00edlia aos 95\u00a0anos. A informa\u00e7\u00e3o foi confirmada pelo filho J\u00falio Baptista.<\/p>\n<p>\u00cdcone do fotojornalismo brasileiro, Gerv\u00e1sio captou com suas lentes a famosa foto de Juscelino\u00a0Kubitschek\u00a0acenando com a cartola para o povo na inaugura\u00e7\u00e3o de Bras\u00edlia, em 21 de abril de 1960.<\/p>\n<p>A fam\u00edlia aguarda a chegada da filha de Gerv\u00e1sio, Selma Baptista, que estava em Madri, para definir detalhes sobre o vel\u00f3rio. A cerim\u00f4nia deve ocorrer\u00a0na capital federal, no Cemit\u00e9rio Campo da Esperan\u00e7a. Em seguida, o corpo ser\u00e1 cremado e as cinzas ser\u00e3o levadas ao Rio\u00a0de Janeiro\u00a0para serem espalhadas na Ba\u00eda de Guanabara.<\/p>\n<p>\u201cEle manifestou em vida que fiz\u00e9ssemos os mesmos procedimentos que fizemos com minha m\u00e3e\u201d, contou o filho. \u201cA ficha ainda n\u00e3o caiu. Mesmo que eu j\u00e1 viesse me preparando h\u00e1\u00a0tanto, tanto tempo. Ouvia ele dizer que j\u00e1 estava cansado, que queria muito partir. A gente acha que est\u00e1 preparado, mas, quando a coisa acontece, a gente v\u00ea que n\u00e3o estava.\u201d<\/p>\n<p>Gerv\u00e1sio Baptista trabalhou na\u00a0Ag\u00eancia Brasil\u00a0por cerca de tr\u00eas d\u00e9cadas. Em 2018, foi\u00a0condecorado com a Medalha Ranulpho Oliveira, da Associa\u00e7\u00e3o Bahiana de Imprensa, destinada aos maiores nomes do jornalismo que trabalharam na imprensa da Bahia.<\/p>\n<h2><\/h2>\n<h2>Carreira<\/h2>\n<p>Gerv\u00e1sio Baptista nasceu em 1923 em Salvador. Aos 27 anos, quando j\u00e1 se destacava no\u00a0<em>Di\u00e1rio de Not\u00edcias de Salvador<\/em>, Assis Chateaubriand viu o talento do jovem fot\u00f3grafo e o levou para o Rio de Janeiro para trabalhar na revista\u00a0<em>O Cruzeiro<\/em>, mas logo Gerv\u00e1sio mudou-se para a revista\u00a0<em>Manchete<\/em>, de Adolpho Bloch, no in\u00edcio dos anos 1950.<\/p>\n<p>Em 80 anos de carreira, Gerv\u00e1sio registrou raridades de Get\u00falio Vargas, Tancredo Neves, Jos\u00e9 Sarney, Fernando Henrique Cardoso e Luiz In\u00e1cio Lula da Silva. Fot\u00f3grafo oficial de Tancredo Neves, Gerv\u00e1sio fez com exclusividade a cl\u00e1ssica e \u00faltima foto do presidente, acompanhado da equipe m\u00e9dica do Hospital de Base do Distrito Federal, em que ele aparece sentado de pijama e roup\u00e3o.<\/p>\n<p>No per\u00edodo militar, foi preso e, em uma das ocasi\u00f5es, dividiu a cela com o ex-governador de Pernambuco Miguel Arraes (av\u00f4 do ex-governador Eduardo Campos, ambos mortos).<\/p>\n<p>Registrou momentos da Revolu\u00e7\u00e3o Cubana, em 1959, fotografou os l\u00edderes Fidel Castro e Che Guevara. Acompanhou a Revolu\u00e7\u00e3o dos Cravos, em Portugal, em 1974, e foi ao Vietn\u00e3, nos anos de 1970, para registrar a guerra. Fotografou sete Copas do Mundo e 16 concursos de Miss universo.<\/p>\n<p>At\u00e9 2015, Gerv\u00e1sio Baptista fotografava no Supremo Tribunal Federal.<\/p>\n","protected":false},"excerpt":{"rendered":"<p>O fot\u00f3grafo Gerv\u00e1sio Baptista morreu hoje, 5, por volta das 8h\u00a0em Bras\u00edlia aos 95\u00a0anos. A informa\u00e7\u00e3o foi confirmada pelo filho J\u00falio Baptista. \u00cdcone do fotojornalismo brasileiro, Gerv\u00e1sio captou com suas lentes a famosa foto de Juscelino\u00a0Kubitschek\u00a0acenando com a cartola para o povo na inaugura\u00e7\u00e3o de Bras\u00edlia, em 21 de abril de 1960. A fam\u00edlia aguarda [&hellip;]<\/p>\n","protected":false},"author":96,"featured_media":137549,"comment_status":"closed","ping_status":"closed","sticky":false,"template":"","format":"standard","meta":{"footnotes":""},"categories":[302,436,262,439],"tags":[],"class_list":["post-137547","post","type-post","status-publish","format-standard","has-post-thumbnail","hentry","category-brasil-mundo","category-destaque-da-semana","category-noticias","category-ultima-hora"],"_links":{"self":[{"href":"https:\/\/diarioregionaldigital.com.br\/index.php?rest_route=\/wp\/v2\/posts\/137547","targetHints":{"allow":["GET"]}}],"collection":[{"href":"https:\/\/diarioregionaldigital.com.br\/index.php?rest_route=\/wp\/v2\/posts"}],"about":[{"href":"https:\/\/diarioregionaldigital.com.br\/index.php?rest_route=\/wp\/v2\/types\/post"}],"author":[{"embeddable":true,"href":"https:\/\/diarioregionaldigital.com.br\/index.php?rest_route=\/wp\/v2\/users\/96"}],"replies":[{"embeddable":true,"href":"https:\/\/diarioregionaldigital.com.br\/index.php?rest_route=%2Fwp%2Fv2%2Fcomments&post=137547"}],"version-history":[{"count":0,"href":"https:\/\/diarioregionaldigital.com.br\/index.php?rest_route=\/wp\/v2\/posts\/137547\/revisions"}],"wp:featuredmedia":[{"embeddable":true,"href":"https:\/\/diarioregionaldigital.com.br\/index.php?rest_route=\/wp\/v2\/media\/137549"}],"wp:attachment":[{"href":"https:\/\/diarioregionaldigital.com.br\/index.php?rest_route=%2Fwp%2Fv2%2Fmedia&parent=137547"}],"wp:term":[{"taxonomy":"category","embeddable":true,"href":"https:\/\/diarioregionaldigital.com.br\/index.php?rest_route=%2Fwp%2Fv2%2Fcategories&post=137547"},{"taxonomy":"post_tag","embeddable":true,"href":"https:\/\/diarioregionaldigital.com.br\/index.php?rest_route=%2Fwp%2Fv2%2Ftags&post=137547"}],"curies":[{"name":"wp","href":"https:\/\/api.w.org\/{rel}","templated":true}]}}