{"id":137519,"date":"2019-04-07T05:59:47","date_gmt":"2019-04-07T08:59:47","guid":{"rendered":"https:\/\/diarioregionaldigital.com.br\/?p=137519"},"modified":"2019-04-04T20:10:04","modified_gmt":"2019-04-04T23:10:04","slug":"prazo-para-estudantes-pedirem-isencao-da-taxa-de-inscricao-do-enem-termina-esta-semana","status":"publish","type":"post","link":"https:\/\/diarioregionaldigital.com.br\/?p=137519","title":{"rendered":"Prazo para estudantes pedirem isen\u00e7\u00e3o da taxa de inscri\u00e7\u00e3o do Enem termina esta semana"},"content":{"rendered":"<p>Na pr\u00f3xima quarta-feira, 10 de abril, \u00e0s 23h59, termina o prazo para pedidos de isen\u00e7\u00e3o do Exame Nacional do Ensino M\u00e9dio (Enem).\u00a0 Este ano, a taxa do exame \u00e9 de R$ 85,00.<\/p>\n<p>Os estudantes que atendem aos crit\u00e9rios podem solicitar o n\u00e3o pagamento\u00a0da taxa na\u00a0P\u00e1gina do Participante, na internet, no portal do Inep, Instituto Nacional de Estudos e Pesquisas Educacionais An\u00edsio Teixeira. Os isentos no ano passado que faltaram ao exame devem, ainda neste per\u00edodo, apresentar justificativa da aus\u00eancia e solicitar novamente a isen\u00e7\u00e3o, caso desejem fazer as provas este ano.<\/p>\n<p>A isen\u00e7\u00e3o da taxa do exame pode ser solicitada por estudantes que est\u00e3o cursando a \u00faltima s\u00e9rie do ensino m\u00e9dio em 2019, em escola da rede p\u00fablica; aqueles que cursaram todo o ensino m\u00e9dio em escola da rede p\u00fablica ou como bolsista integral na rede privada, com renda, por pessoa, igual ou menor que um sal\u00e1rio m\u00ednimo e meio.<\/p>\n<div id=\"attachment_137521\" style=\"width: 471px\" class=\"wp-caption aligncenter\"><img loading=\"lazy\" decoding=\"async\" aria-describedby=\"caption-attachment-137521\" class=\" wp-image-137521\" src=\"https:\/\/diarioregionaldigital.com.br\/wp-content\/uploads\/2019\/04\/03-Foto-Ag\u00eancia-Brasil-300x199.jpg\" alt=\"\" width=\"461\" height=\"306\" srcset=\"https:\/\/diarioregionaldigital.com.br\/wp-content\/uploads\/2019\/04\/03-Foto-Ag\u00eancia-Brasil-300x199.jpg 300w, https:\/\/diarioregionaldigital.com.br\/wp-content\/uploads\/2019\/04\/03-Foto-Ag\u00eancia-Brasil-768x510.jpg 768w, https:\/\/diarioregionaldigital.com.br\/wp-content\/uploads\/2019\/04\/03-Foto-Ag\u00eancia-Brasil-1024x680.jpg 1024w, https:\/\/diarioregionaldigital.com.br\/wp-content\/uploads\/2019\/04\/03-Foto-Ag\u00eancia-Brasil-360x239.jpg 360w, https:\/\/diarioregionaldigital.com.br\/wp-content\/uploads\/2019\/04\/03-Foto-Ag\u00eancia-Brasil.jpg 1200w\" sizes=\"auto, (max-width: 461px) 100vw, 461px\" \/><p id=\"caption-attachment-137521\" class=\"wp-caption-text\">As provas v\u00e3o ser aplicadas nos dias 3 e 10 de novembro. Foto: Ag\u00eancia Brasil<\/p><\/div>\n<p>Candidatos em situa\u00e7\u00e3o de vulnerabilidade socioecon\u00f4mica, ou seja, membros de fam\u00edlia de baixa renda com N\u00famero de Identifica\u00e7\u00e3o Social (NIS), \u00fanico e v\u00e1lido, renda familiar por pessoa de at\u00e9 meio sal\u00e1rio m\u00ednimo, ou R$ R$ 499, ou renda familiar mensal de at\u00e9 tr\u00eas sal\u00e1rios m\u00ednimos, ou R$ 2.994, tamb\u00e9m s\u00e3o isentos.<\/p>\n<p>Ap\u00f3s o per\u00edodo do pedido de isen\u00e7\u00e3o, o Inep vai divulgar a lista, no dia 17 de abril, tamb\u00e9m no portal do Enem, daqueles que tiveram o pedido aprovado.\u00a0Os participantes que forem reprovados v\u00e3o poder entrar com recurso, no per\u00edodo de 22 a 26 de abril, na P\u00e1gina do Participante. O resultado do recurso ser\u00e1 divulgado, no mesmo endere\u00e7o, a partir do dia 2 de maio.<\/p>\n<p><strong>ENEM 2019 <\/strong><\/p>\n<p>As inscri\u00e7\u00f5es para o Enem dever\u00e3o ser feitas de 6 a 17 de maio. Os participantes que tiveram ou n\u00e3o a isen\u00e7\u00e3o aprovada tamb\u00e9m devem fazer a inscri\u00e7\u00e3o para participar do exame.<\/p>\n<p>As provas v\u00e3o ser aplicadas nos dias 3 e 10 de novembro.<\/p>\n","protected":false},"excerpt":{"rendered":"<p>Na pr\u00f3xima quarta-feira, 10 de abril, \u00e0s 23h59, termina o prazo para pedidos de isen\u00e7\u00e3o do Exame Nacional do Ensino M\u00e9dio (Enem).\u00a0 Este ano, a taxa do exame \u00e9 de R$ 85,00. Os estudantes que atendem aos crit\u00e9rios podem solicitar o n\u00e3o pagamento\u00a0da taxa na\u00a0P\u00e1gina do Participante, na internet, no portal do Inep, Instituto Nacional [&hellip;]<\/p>\n","protected":false},"author":96,"featured_media":137520,"comment_status":"closed","ping_status":"closed","sticky":false,"template":"","format":"standard","meta":{"footnotes":""},"categories":[302,436,440,439],"tags":[],"class_list":["post-137519","post","type-post","status-publish","format-standard","has-post-thumbnail","hentry","category-brasil-mundo","category-destaque-da-semana","category-destaques-do-dia","category-ultima-hora"],"_links":{"self":[{"href":"https:\/\/diarioregionaldigital.com.br\/index.php?rest_route=\/wp\/v2\/posts\/137519","targetHints":{"allow":["GET"]}}],"collection":[{"href":"https:\/\/diarioregionaldigital.com.br\/index.php?rest_route=\/wp\/v2\/posts"}],"about":[{"href":"https:\/\/diarioregionaldigital.com.br\/index.php?rest_route=\/wp\/v2\/types\/post"}],"author":[{"embeddable":true,"href":"https:\/\/diarioregionaldigital.com.br\/index.php?rest_route=\/wp\/v2\/users\/96"}],"replies":[{"embeddable":true,"href":"https:\/\/diarioregionaldigital.com.br\/index.php?rest_route=%2Fwp%2Fv2%2Fcomments&post=137519"}],"version-history":[{"count":0,"href":"https:\/\/diarioregionaldigital.com.br\/index.php?rest_route=\/wp\/v2\/posts\/137519\/revisions"}],"wp:featuredmedia":[{"embeddable":true,"href":"https:\/\/diarioregionaldigital.com.br\/index.php?rest_route=\/wp\/v2\/media\/137520"}],"wp:attachment":[{"href":"https:\/\/diarioregionaldigital.com.br\/index.php?rest_route=%2Fwp%2Fv2%2Fmedia&parent=137519"}],"wp:term":[{"taxonomy":"category","embeddable":true,"href":"https:\/\/diarioregionaldigital.com.br\/index.php?rest_route=%2Fwp%2Fv2%2Fcategories&post=137519"},{"taxonomy":"post_tag","embeddable":true,"href":"https:\/\/diarioregionaldigital.com.br\/index.php?rest_route=%2Fwp%2Fv2%2Ftags&post=137519"}],"curies":[{"name":"wp","href":"https:\/\/api.w.org\/{rel}","templated":true}]}}