{"id":137510,"date":"2019-04-05T06:00:07","date_gmt":"2019-04-05T09:00:07","guid":{"rendered":"https:\/\/diarioregionaldigital.com.br\/?p=137510"},"modified":"2019-04-04T20:17:07","modified_gmt":"2019-04-04T23:17:07","slug":"globo-etico-sese-logistica-do-brasil-05-04-19","status":"publish","type":"post","link":"https:\/\/diarioregionaldigital.com.br\/?p=137510","title":{"rendered":"Globo \u00c9tico &#8211; Ses\u00e9 Log\u00edstica do Brasil &#8211; 05\/04\/19"},"content":{"rendered":"<p style=\"text-align: center;\"><strong>SES\u00c9 LOG\u00cdSTICA DO BRASIL LTDA<\/strong><\/p>\n<p><strong><u>EDITAL<\/u><\/strong><strong>: <\/strong>A Junta Comercial do Estado de Minas Gerais, atendendo ao disposto no par\u00e1grafo 1\u00ba do art. 1\u00ba do Decreto n\u00ba 1.102, de 21 de novembro de 1903, torna p\u00fablicos a matr\u00edcula do administrador, a declara\u00e7\u00e3o, o regulamento interno e a tarifa de armaz\u00e9m geral de SES\u00c9 LOG\u00cdSTICA DO BRASIL LTDA, NIRE 3522558332-1, CNPJ 13.951.174\/0001-81, com sede na Rua Jos\u00e9 Versolato, n\u00ba 111, sala 811, Bairro Centro, S\u00e3o Bernardo do Campo\/SP, e unidade armazenadora situada na Rua J\u00falio Dion\u00edsio Cardoso, n\u00ba 750, Distrito Industrial, Benfica, Juiz de Fora, MG, NIRE 3190266172-3, deferidos pela 6\u00aa turma de vogais desta Casa sob o n\u00ba 1120 em 27\/03\/2019. Belo Horizonte, 27\/03\/2019. Bruno Selmi Dei Falci &#8211; Presidente.<strong><u>REQUERIMENTO DE MATR\u00cdCULA DE ARMAZ\u00c9M GERAL (FILIAL)<\/u>:<\/strong>A sociedade empres\u00e1ria <strong>SES\u00c9 LOG\u00cdSTICA DO BRASIL LTDA<\/strong>, NIRE 3522558332-1 (JUCESP), constitu\u00edda sob a forma de sociedade empres\u00e1ria limitada, inscrita no CNPJ\/MF sob o n\u00ba 13.951.174\/0001-81, com sede na rua Jos\u00e9 Versolato, 111, sala 811, Bairro Centro \u2013 S\u00e3o Bernardo do Campo\/SP, CEP 09750-730, neste ato representada na forma de seu Contrato Social, pelo administrador n\u00e3o s\u00f3cio, assinando pela empresa, Sr. Paulo Sergio da Silva, brasileiro, casado, engenheiro mec\u00e2nico, portador da C\u00e9dula de Identidade RG 9.443.613-7\/SSP-SP e devidamente inscrito no CPF\/MF sob o n\u00ba020.160.598-85, residente na cidade de S\u00e3o Bernardo do Campo\/SP, \u00e0 Rua Adino Pinotti, n\u00ba 601 \u2013 Torre 4 \u2013 Apto. 241 \u2013 Centro \u2013 S\u00e3o Bernardo do Campo\/SP, CEP 09750-220. Vem mui respeitosamente solicitar o arquivamento de documentos referentes ao pedido de MATRICULA DE ARMAZEM GERAL para uma unidade armazenadora da sociedade supracitada denominada FILIAL \u2013 Com registro na JUCEMG sob o n\u00famero 3190266172-3 em se\u00e7\u00e3o de 05\/02\/2019 e CNPJ sob o n\u00famero 13.951.174\/0009-39, situada na Rua J\u00falio Dion\u00edzio Cardozo, 750 \u2013 Distrito Industrial-Benfica, Juiz de Fora\/MG \u2013 CEP 36092-020, tudo de acordo com o Decreto Federal 1.102 de 21\/11\/1903 e I.N. 17\/2013 do DREI.<strong><u>DECLARA\u00c7\u00c3O ARTIGO 1o. DO DECRETO FEDERAL 1.102 DE 21\/11\/1903<\/u>: <\/strong>A empresa <strong>SES\u00c9 LOGISTICA DO BRASIL LTDA<\/strong>, com capital social de R$ 300.000,00 sem capital social destacado para FILIAL. Por seu administrador n\u00e3o s\u00f3cio assinando pela empresa, Sr. Paulo Sergio da Silva, brasileiro, casado, engenheiro mec\u00e2nico, portador da C\u00e9dula de identidade RG 9.443.613-7\/SSP-SP e devidamente inscrito no CPF\/MF sob o no. 020.160.598-85, residente na Cidade de S\u00e3o Bernardo do Campo\/SP, \u00e0 Rua Adino Pinotti, no. 601 \u2013 Torre 4 \u2013 Apto. 241 \u2013 Centro \u2013 S\u00e3o Bernardo do Campo\/SP CEP 09750-220, tendo em vista o que trata os itens, 1o, 2o, 3o. E 4o. Do Decreto Federal 1.102 de 21 de novembro de 1903 que abaixo assina, DECLARA:<strong>LOCALIZA\u00c7\u00c3O DA FILIAL<\/strong>:\u00a0 Rua J\u00falio Dionizio Cardoso, 750 \u2013 Distrito Industrial-Benfica Juiz de Fora\/MG &#8211; CEP 36092-020 \u2013 CNPJ 13.951.174\/0009-39 Arquivado na JUCESP sob o n\u00famero\u00a0\u00a0\u00a0\u00a0 00019740190 em se\u00e7\u00e3o de 23\/01\/2019 e REGISTRO NA JUCEMG sob NIRE 3190266172-3.<strong>ARMAZENAGEM<\/strong>: Trata-se de armaz\u00e9m de grande porte, \u00e1rea total do armaz\u00e9m 53.264,00 m2. \u00c1rea constru\u00edda: 31.400,43 m2. \u00c1rea de armazenagem 28.385,26 m2 (sendo 26.171,26 m2 de galp\u00e3o e 2.214,00 m2 de marquise do galp\u00e3o) \u00e1rea de administra\u00e7\u00e3o 1.932,00 m2. Capacidade m\u00e1xima de armazenagem vertical: 11,90m.<strong>COMODIDADES:<\/strong> Atende as necessidades de \u00e1rea de armazenagem, carga\/descarga. O empreendimento \u00e9 composto por 01 galp\u00e3o, \u00e1rea administrativa (02 pavimentos), 02 reservat\u00f3rios (sendo 01 para consumo e outro para reserva de inc\u00eandio), portaria (guarita), apoio de motoristas, oficina\/sala de baterias, \u00e1rea de utilidades, \u00e1rea para g\u00e1s, cabine de medi\u00e7\u00e3o e ETE. O p\u00e1tio em piso de concreto intertravado (fck=35Mpa) com ilumina\u00e7\u00e3o noturna artificial com refletor em Led, est\u00e1 em condi\u00e7\u00f5es de atendimento ao trabalho e higiene. \u00c1rea administrativa contem copa e cozinha, refeit\u00f3rio, escrit\u00f3rio funcional, banheiros masculino e feminino com vesti\u00e1rios.<strong>PAREDES: <\/strong>O fechamento perimetral dos galp\u00f5es, setor administrativo, portaria e apoio de motoristas foram executados em pain\u00e9is tilt-up, em concreto armado.<strong>PISO: <\/strong>O piso da \u00e1rea de armazenagem foi executado em pavimento r\u00edgido de concreto com H=15 cm, com endurecedor de superf\u00edcie e acabamento desempenado liso.<strong>TELHADO<\/strong>: As coberturas dos galp\u00f5es foram executadas em estrutura met\u00e1lica, composta por vigas met\u00e1licas de se\u00e7\u00e3o vari\u00e1vel, formada por perfis de chapas soldadas, com 02 duas \u00e1guas de inclina\u00e7\u00e3o 2,5% e p\u00e9-direito de 11,9m, com contraventos, amarra\u00e7\u00f5es e ter\u00e7as em treli\u00e7as semiespaciais do tipo Medajoist, vencendo v\u00e3os de 20m.Os pilares de sustenta\u00e7\u00e3o da cobertura s\u00e3o em concreto armado. As telhas s\u00e3o met\u00e1licas do tipo SSR I Batida com espessura de 0,5mm, instaladas sobre manta termo-ac\u00fastica do tipo l\u00e3 poli\u00e9ster TRISOFT, com arremates met\u00e1licos em chapa Zicalume, padr\u00e3o Medabil.<strong>PORTAS: <\/strong>26 docas com niveladora e 8 docas internas (sider), tendo sido feito um nivelador para descarga em uma delas. Todas as docas possuem fechamento com portas met\u00e1licas. 6 (seis) portas de sa\u00edda de emerg\u00eancia. 2 (duas) portas comuns nas rampas de acesso ao galp\u00e3o principal. <strong>ILUMINA\u00c7\u00c3O: <\/strong>Artificial: em Fluorescente tubular; Natural: A cobertura \u00e9 dotada de ilumina\u00e7\u00e3o (Zenital).<strong>SEGURAN\u00c7A: <\/strong>Em todo o per\u00edmetro do empreendimento foi executado uma mureta de H=40cm, instalado alambrado com mour\u00e3o de concreto e arame farpado no topo, portaria e eclusa com seguran\u00e7a 24h. &#8211; 128 extintores pressurizados (ABC, BC) P\u00f3 Qu\u00edmico capacidade 4Kgs, 6Kgs, 8Kgs e 50Kgs e 2 extintores pressurizados CO2 com capacidade 6Kgs. &#8211; 66 hidrantes duplos em abrigo met\u00e1lico com mangueira de 15m x 2,5m, 13 hidrantes simples em abrigo met\u00e1lico com mangueira de 15m x 1,5m. &#8211; O Empreendimento possui um sistema de combate a inc\u00eandio aprovado pelo CORPO DE BOMBEIRO DE MINAS GERAIS onde O Sistema de sprinklers e hidrantes \u00e9 abastecido por reservat\u00f3rio com volume total de 630 m3. A rede \u00e9 recalcada e distribu\u00edda ao empreendimento atrav\u00e9s de sistema de pressuriza\u00e7\u00e3o composto por 1 bomba auxiliar &#8211; jockey, 1 bomba principal diesel 410cv. O conjunto de bombas instalado na Casa de Bombas ir\u00e1 garantir as vaz\u00f5es e press\u00f5es estabelecidas no projeto e pelo Corpo de Bombeiros. &#8211; Foi instalado um sistema de Detec\u00e7\u00e3o de alarme de inc\u00eandio Wirelles (sem fio), composto de 1 central de alarme instalada na Portaria, roteadores distribu\u00eddos conforme projeto que monitorar\u00e1 as botoeira e sirenes, VGA\u2019s que est\u00e3o instalados no galp\u00e3o, ADM, portaria sem a utiliza\u00e7\u00e3o de cabeamento. &#8211; As botoeiras e sirenes foram instaladas juntas aos hidrantes e dever\u00e3o ser acionadas quando houver algum princ\u00edpio de inc\u00eandio, ap\u00f3s acionadas, a central de alarme reconhecer\u00e1 o local onde foi acionada a botoeira, informar\u00e1 no visor do quadro para que a seguran\u00e7a comunique a brigada de inc\u00eandio para as devidas provid\u00eancias.- A central de alarme tamb\u00e9m acionar\u00e1 as sirenes que emitir\u00e3o avisos sonoros para que os ocupantes evacuem a \u00e1rea. As instala\u00e7\u00f5es destes equipamentos foram devidamente realizadas e em conformidade com as normas do Corpo de Bombeiros.<strong>EQUIPAMENTOS: <\/strong>06 (seis) Empilhadeiras Retrateis el\u00e9tricas com capacidade para 2 toneladas, 01 (uma) empilhadeira GLP contrabalanceada com capacidade para 4 toneladas e 01 (uma) empilhadeira el\u00e9trica contrabalanceada para 2 toneladas. <strong>MERCADORIAS QUE SE PROPOEM A ARMAZENAR: <\/strong>Armazenagem de pe\u00e7as automotivas e embalagens para transporte das mesmas.<strong>OPERA\u00c7\u00d5ES E SERVI\u00c7OS: <\/strong>Log\u00edstica, distribui\u00e7\u00e3o e demais servi\u00e7os inerentes a guarda e conserva\u00e7\u00e3o de mercadorias de terceiros recebido em deposito, bem como a emiss\u00e3o de conhecimento de deposito e Warrant de que trata o artigo 15\u00ba. Do decreto federal 1.102 de 21\/11\/1903 e na forma prevista no regulamento interno e na Tarifa Remunerat\u00f3ria registradas na Junta comercial do Estado de Minas Gerais (JUCEMG).<strong>CONCLUS\u00c3O: <\/strong>A unidade armazenadora apresenta condi\u00e7\u00f5es satisfat\u00f3rias e aprovadas no que se refere a estabilidade estrutural e funcional com condi\u00e7\u00f5es de uso imediato para atividade de Armaz\u00e9m Geral de acordo com o Decreto Federal 1.102 de 21\/11\/1903. <strong><u>REGULAMENTO INTERNO<\/u><\/strong><strong>:<\/strong>A Sociedade empres\u00e1ria <strong>SES\u00c9 LOGISTICA DO BRASIL LTDA<\/strong>. FILIAL registro na JUCEMG sob o NIRE 3190266172-3, constitu\u00edda sob a forma de sociedade empres\u00e1ria limitada, inscrita no CNPJ\/MF sob o n.o. 13.951.174\/0009-39, com sede na Rua J\u00falio Dionizio Cardozo, 750 \u2013 Distrito Industrial-Benfica, Juiz de Fora\/MG &#8211; CEP 36092-020 ESTABELECE as normas que reger\u00e3o sua atividade de Armazenamento de Mercadorias de terceiros da seguinte forma: <strong>Art. I<\/strong> \u2013 Ser\u00e3o Recebidas em deposito mercadorias diversas, nacionais e estrangeiras j\u00e1 nacionalizadas, que n\u00e3o possuem natureza agropecu\u00e1ria e n\u00e3o ser\u00e3o armazenados produtos perigosos. Par\u00e1grafo \u00fanico:\u00a0 Servi\u00e7os acess\u00f3rios ser\u00e3o executados desde que poss\u00edveis e desde que n\u00e3o sejam contr\u00e1rios \u00e0s disposi\u00e7\u00f5eslegais. <strong>Art. II<\/strong> &#8211; A ju\u00edzo da dire\u00e7\u00e3o, mercadorias poder\u00e3o ser recusadas nos seguintes casos: I &#8211; quando n\u00e3o houver espa\u00e7o suficiente para seu armazenamento; e II &#8211; se em virtude das condi\u00e7\u00f5es em que elas se acharem, puderem danificar as mercadorias j\u00e1 depositadas. <strong>Art. III<\/strong> &#8211; A responsabilidade pelas mercadorias em dep\u00f3sito cessar\u00e1 nos casos de altera\u00e7\u00f5es de qualidade provenientes da natureza ou do acondicionamento daquelas, bem como por for\u00e7a maior. <strong>Art. IV<\/strong> &#8211; Os dep\u00f3sitos de mercadorias dever\u00e3o ser feitos por ordem do depositante do seu procurador ou de seu preposto e ser\u00e1 dirigida \u00e0 empresa, que emitir\u00e1 o documento especial (denominado recibo de Dep\u00f3sito), contendo quantidade, especifica\u00e7\u00e3o,classifica\u00e7\u00e3o,marca,pesoeacondicionamentodasmercadorias. <strong>Art. V<\/strong> &#8211; As indeniza\u00e7\u00f5es a quem couber de direito, prescrever\u00e3o em tr\u00eas meses, contados da data em que as mercadorias foram ou deveriam ser entregues, e ser\u00e3o calculados pelo pre\u00e7o das mercadorias em bom estado. <strong>Art. VI<\/strong> &#8211; Inadimplementodepagamentodearmazenagemacarretar\u00e1vencimentoantecipado do prazodedep\u00f3sito,coma ado\u00e7\u00e3o do procedimento previsto no artigo 10 e par\u00e1grafos do Decreto Federal n\u00ba 1.102\/1903. Condi\u00e7\u00f5es Gerais: Os seguros, emiss\u00f5es de Warrants, ser\u00e3o regidos pelas disposi\u00e7\u00f5es do Decreto 1.102 \/1903. O pessoal auxiliar e suas obriga\u00e7\u00f5es, bem como o hor\u00e1rio de funcionamento dos armaz\u00e9ns, e tamb\u00e9m os casos omissos ser\u00e3o regidos pelos usos e costumes da praxe comercial, desde que n\u00e3o contr\u00e1rios s \u00e0 legisla\u00e7\u00e3o vigente.<strong><u>TARIFA REMUNERAT\u00d3RIA<\/u><\/strong>:A Sociedade empres\u00e1ria <strong>SES\u00c9 LOGISTICA DO BRASIL LTDA<\/strong>. FILIAL registro na JUCEMG sob o NIRE 3190266172-3, constitu\u00edda sob a forma de sociedade empres\u00e1ria limitada, inscrita no CNPJ\/MF sob o n.o. 13.951.174\/0009-39, com sede na Rua J\u00falio Dionizio Cardozo, 750 \u2013 Distrito Industrial-Benfica, Juiz de Fora\/MG &#8211; CEP 36092-020 ESTABELECE tarifa remunerat\u00f3ria da seguinte forma:<strong>1)Da Armazenagem<\/strong>: 1. M2&#8230;R$ 15,00 \/ 2.M3&#8230;R$ 8,00 \/ 3. Pre\u00e7o m\u00ednimo por per\u00edodo&#8230;R$ 500,00.\u00a0 <strong>2) Seguro<\/strong>: 1. Ad-Valorem: 00,5% sobre o valor da N.F.<strong>3) Emiss\u00e3o de Warrant<\/strong>, <strong>Conhecimento de deposito: <\/strong>1.Por T\u00edtulo&#8230;R$ 36,00. <strong>4) M\u00e3o de obra<\/strong>: 1. Limpeza, movimenta\u00e7\u00e3o interna, carga\/descarga, mudan\u00e7a interna&#8230;R$ 16,25 por hora.<strong>5) Hor\u00e1rio de Funcionamento: <\/strong>De segunda a s\u00e1bado: 24 horas.<strong>6) Condi\u00e7\u00f5es Gerais: <\/strong>1.Os servi\u00e7os executados fora do hor\u00e1rio comercial do munic\u00edpio tamb\u00e9m aos domingos e feriados ser\u00e3o acrescidos em 100% do valor da tarifa.<strong>Junta Comercial do Estado de Minas Gerais:<\/strong> Certifico registro sob o n\u00ba 1120 em 27\/03\/2019 da Empresa SESE LOGISTICA DO BRASIL LTDA, Nire 35225583321 e protocolo 191288489 &#8211; 25\/03\/2019. Autentica\u00e7\u00e3o: E88C03037743131C9DCF5A79BE1A2B257C30. Marinely de Paula Bomfim &#8211; Secret\u00e1ria-Geral. Para validar este documento, acesse http:\/\/www.jucemg.mg.gov.br e informe n\u00ba do protocolo 19\/128.848-9 e o c\u00f3digo de seguran\u00e7a vQAm Esta c\u00f3pia foi autenticada digitalmente e assinada em 28\/03\/2019 por Marinely de Paula Bomfim \u2013 Secret\u00e1ria-Geral.<\/p>\n","protected":false},"excerpt":{"rendered":"<p>SES\u00c9 LOG\u00cdSTICA DO BRASIL LTDA EDITAL: A Junta Comercial do Estado de Minas Gerais, atendendo ao disposto no par\u00e1grafo 1\u00ba do art. 1\u00ba do Decreto n\u00ba 1.102, de 21 de novembro de 1903, torna p\u00fablicos a matr\u00edcula do administrador, a declara\u00e7\u00e3o, o regulamento interno e a tarifa de armaz\u00e9m geral de SES\u00c9 LOG\u00cdSTICA DO BRASIL [&hellip;]<\/p>\n","protected":false},"author":96,"featured_media":0,"comment_status":"closed","ping_status":"closed","sticky":false,"template":"","format":"standard","meta":{"footnotes":""},"categories":[307],"tags":[],"class_list":["post-137510","post","type-post","status-publish","format-standard","hentry","category-editais"],"_links":{"self":[{"href":"https:\/\/diarioregionaldigital.com.br\/index.php?rest_route=\/wp\/v2\/posts\/137510","targetHints":{"allow":["GET"]}}],"collection":[{"href":"https:\/\/diarioregionaldigital.com.br\/index.php?rest_route=\/wp\/v2\/posts"}],"about":[{"href":"https:\/\/diarioregionaldigital.com.br\/index.php?rest_route=\/wp\/v2\/types\/post"}],"author":[{"embeddable":true,"href":"https:\/\/diarioregionaldigital.com.br\/index.php?rest_route=\/wp\/v2\/users\/96"}],"replies":[{"embeddable":true,"href":"https:\/\/diarioregionaldigital.com.br\/index.php?rest_route=%2Fwp%2Fv2%2Fcomments&post=137510"}],"version-history":[{"count":0,"href":"https:\/\/diarioregionaldigital.com.br\/index.php?rest_route=\/wp\/v2\/posts\/137510\/revisions"}],"wp:attachment":[{"href":"https:\/\/diarioregionaldigital.com.br\/index.php?rest_route=%2Fwp%2Fv2%2Fmedia&parent=137510"}],"wp:term":[{"taxonomy":"category","embeddable":true,"href":"https:\/\/diarioregionaldigital.com.br\/index.php?rest_route=%2Fwp%2Fv2%2Fcategories&post=137510"},{"taxonomy":"post_tag","embeddable":true,"href":"https:\/\/diarioregionaldigital.com.br\/index.php?rest_route=%2Fwp%2Fv2%2Ftags&post=137510"}],"curies":[{"name":"wp","href":"https:\/\/api.w.org\/{rel}","templated":true}]}}