{"id":137506,"date":"2019-04-04T20:00:50","date_gmt":"2019-04-04T23:00:50","guid":{"rendered":"https:\/\/diarioregionaldigital.com.br\/?p=137506"},"modified":"2019-04-04T20:00:50","modified_gmt":"2019-04-04T23:00:50","slug":"reforma-da-previdencia-passa-com-certeza-na-ccj-diz-relator","status":"publish","type":"post","link":"https:\/\/diarioregionaldigital.com.br\/?p=137506","title":{"rendered":"Reforma da Previd\u00eancia passa &#8220;com certeza&#8221; na CCJ, diz relator"},"content":{"rendered":"<p>Ao chegar ao Pal\u00e1cio do Planalto para acompanhar as reuni\u00f5es do presidente da Rep\u00fablica com dirigentes de partidos pol\u00edticos, o deputado federal Marcelo Freitas (PSL-MG), relator da\u00a0reforma da Previd\u00eancia na Comiss\u00e3o de Constitui\u00e7\u00e3o e Justi\u00e7a da C\u00e2mara (CCJ), afirmou que a proposta ser\u00e1 aprovada no colegiado.<\/p>\n<p>&#8220;N\u00f3s vamos passar na CCJ com certeza&#8221;, assegurou. Segundo ele, o relat\u00f3rio est\u00e1 quase pronto, ter\u00e1 entre 20 e 25 p\u00e1ginas, e ser\u00e1 apresentado por ele na pr\u00f3xima ter\u00e7a-feira, 9. A vota\u00e7\u00e3o do texto dever\u00e1 ocorrer na semana seguinte, no dia 17.<\/p>\n<p>&#8220;Na verdade, o parecer estava bem finalizado, mas em face de alguns pontos que foram discutidos especialmente nessas duas \u00faltimas reuni\u00f5es, ontem com o ministro Paulo\u00a0Guedes e hoje com juristas, esse relat\u00f3rio vai ser acrescentado, para que a gente possa discutir todos os aspectos&#8221;, afirmou.<\/p>\n<p>A CCJ da C\u00e2mara \u00e9 a porta de entrada da reforma da Previd\u00eancia no Legislativo. A comiss\u00e3o analisar\u00e1 se a proposta est\u00e1 em conformidade com a Constitui\u00e7\u00e3o. Depois, o\u00a0texto segue para discuss\u00e3o em comiss\u00e3o especial e, se aprovado, ser\u00e1 votado pelo plen\u00e1rio. Para ser aprovada, a medida precisa de apoio de dois ter\u00e7os dos deputados\u00a0por se tratar de Proposta de Emenda \u00e0 Constitui\u00e7\u00e3o (PEC). Dessa forma, precisa ser aprovada por 308 deputados, em dois turnos de vota\u00e7\u00e3o, para seguir para o Senado.<\/p>\n<p>Marcelo Freitas voltou a dizer que manter\u00e1 na \u00edntegra o texto enviado pelo governo federal, sem as prov\u00e1veis altera\u00e7\u00f5es nas novas regras propostas para o pagamento do\u00a0Benef\u00edcio de Presta\u00e7\u00e3o Continuada (BPC) e na aposentadoria rural. Os dois itens, segundo o pr\u00f3prio presidente da C\u00e2mara, Rodrigo Maia (DEM-RJ), dever\u00e3o ser exclu\u00eddos pelos\u00a0deputados ao longo da tramita\u00e7\u00e3o, j\u00e1 que n\u00e3o h\u00e1 consenso.<\/p>\n<p>Equivalente a um sal\u00e1rio m\u00ednimo, o BPC \u00e9 pago a idosos de baixa renda a partir dos 65 anos. A proposta de reforma da Previd\u00eancia prev\u00ea a redu\u00e7\u00e3o do valor para R$ 400,\u00a0com pagamento a partir de 60 anos, atingindo o sal\u00e1rio m\u00ednimo a partir dos 70 anos. No caso da aposentadoria rural, a proposta do governo \u00e9 elevar de 15 para 20 anos o\u00a0tempo de contribui\u00e7\u00e3o e instituir a idade m\u00ednima de 60 anos para homens e mulheres.<\/p>\n<p>A l\u00edder do governo no Congresso, deputada Joice Hasselmann (PSL-SP), afirmou no Pal\u00e1cio do Planalto que a reuni\u00e3o do presidente Jair Bolsonaro com presidentes de partidos tem car\u00e1ter institucional, e que o governo trabalha para montar uma base espec\u00edfica para aprova\u00e7\u00e3o da reforma da Previd\u00eancia, e que depois far\u00e1 o mesmo para tentar aprovar outras medidas.<\/p>\n<p>&#8220;Nesse momento, a gente tem que fazer duas contas. Uma conta \u00e9 a aprova\u00e7\u00e3o da nova Previd\u00eancia, a\u00ed vale qualquer partido, da base ou n\u00e3o, inclusive partidos de\u00a0oposi\u00e7\u00e3o. E a segunda conta \u00e9 a forma\u00e7\u00e3o de uma base para aprova\u00e7\u00e3o de outros projetos&#8221;, afirmou.<\/p>\n<p>Fonte: Ag\u00eancia Brasil<\/p>\n","protected":false},"excerpt":{"rendered":"<p>Ao chegar ao Pal\u00e1cio do Planalto para acompanhar as reuni\u00f5es do presidente da Rep\u00fablica com dirigentes de partidos pol\u00edticos, o deputado federal Marcelo Freitas (PSL-MG), relator da\u00a0reforma da Previd\u00eancia na Comiss\u00e3o de Constitui\u00e7\u00e3o e Justi\u00e7a da C\u00e2mara (CCJ), afirmou que a proposta ser\u00e1 aprovada no colegiado. &#8220;N\u00f3s vamos passar na CCJ com certeza&#8221;, assegurou. Segundo [&hellip;]<\/p>\n","protected":false},"author":96,"featured_media":137515,"comment_status":"closed","ping_status":"closed","sticky":false,"template":"","format":"standard","meta":{"footnotes":""},"categories":[436,254],"tags":[],"class_list":["post-137506","post","type-post","status-publish","format-standard","has-post-thumbnail","hentry","category-destaque-da-semana","category-politica"],"_links":{"self":[{"href":"https:\/\/diarioregionaldigital.com.br\/index.php?rest_route=\/wp\/v2\/posts\/137506","targetHints":{"allow":["GET"]}}],"collection":[{"href":"https:\/\/diarioregionaldigital.com.br\/index.php?rest_route=\/wp\/v2\/posts"}],"about":[{"href":"https:\/\/diarioregionaldigital.com.br\/index.php?rest_route=\/wp\/v2\/types\/post"}],"author":[{"embeddable":true,"href":"https:\/\/diarioregionaldigital.com.br\/index.php?rest_route=\/wp\/v2\/users\/96"}],"replies":[{"embeddable":true,"href":"https:\/\/diarioregionaldigital.com.br\/index.php?rest_route=%2Fwp%2Fv2%2Fcomments&post=137506"}],"version-history":[{"count":0,"href":"https:\/\/diarioregionaldigital.com.br\/index.php?rest_route=\/wp\/v2\/posts\/137506\/revisions"}],"wp:featuredmedia":[{"embeddable":true,"href":"https:\/\/diarioregionaldigital.com.br\/index.php?rest_route=\/wp\/v2\/media\/137515"}],"wp:attachment":[{"href":"https:\/\/diarioregionaldigital.com.br\/index.php?rest_route=%2Fwp%2Fv2%2Fmedia&parent=137506"}],"wp:term":[{"taxonomy":"category","embeddable":true,"href":"https:\/\/diarioregionaldigital.com.br\/index.php?rest_route=%2Fwp%2Fv2%2Fcategories&post=137506"},{"taxonomy":"post_tag","embeddable":true,"href":"https:\/\/diarioregionaldigital.com.br\/index.php?rest_route=%2Fwp%2Fv2%2Ftags&post=137506"}],"curies":[{"name":"wp","href":"https:\/\/api.w.org\/{rel}","templated":true}]}}