{"id":137501,"date":"2019-04-04T19:57:45","date_gmt":"2019-04-04T22:57:45","guid":{"rendered":"https:\/\/diarioregionaldigital.com.br\/?p=137501"},"modified":"2019-04-04T19:57:45","modified_gmt":"2019-04-04T22:57:45","slug":"grupo-faz-passeata-em-repudio-a-mudanca-no-comando-da-delegacia-de-mulher","status":"publish","type":"post","link":"https:\/\/diarioregionaldigital.com.br\/?p=137501","title":{"rendered":"Grupo faz passeata em rep\u00fadio \u00e0 mudan\u00e7a no comando da Delegacia de Mulher"},"content":{"rendered":"<p>Na tarde desta quinta-feira, 4, por volta das 14 horas, um grupo de pessoas se reuniram na Rua Rui Barbosa, localizada do Bairro Santa Terezinha, para um apita\u00e7o, repudiando a sa\u00edda da delegada Ione Barbosa, da Delegacia de Mulher. Segundo os respons\u00e1veis pelo movimento, 60 pessoas participaram desta a\u00e7\u00e3o, entre mulheres e homens.<\/p>\n<p>Ione Barbosa recebeu, no \u00faltimo dia 29, a informa\u00e7\u00e3o que seria transferida para a 4\u00aa Delegacia de Pol\u00edcia Civil de Juiz de Fora, respons\u00e1vel por investiga\u00e7\u00f5es de crimes na zona Nordeste da cidade. Carolina Gon\u00e7alves Magalh\u00e3es ser\u00e1 a nova delegada respons\u00e1vel pela Delegacia de Mulheres.<\/p>\n<p>Eles alegam que essa sa\u00edda aconteceu de forma brusca e que \u00e9 uma grande perda, j\u00e1 que a delegada tem especializa\u00e7\u00e3o nesta \u00e1rea.<\/p>\n<p>Para a advogada e ativista na prote\u00e7\u00e3o a mulher, Rose Fran\u00e7a, \u201cA Ione tem especializa\u00e7\u00e3o, ela tem mestrado nesta \u00e1rea e \u00e9 uma pessoa dedicada. Ent\u00e3o, al\u00e9m da capacidade profissional, por ela ser uma delegada, existe tamb\u00e9m essa capacidade t\u00e9cnica. Eu acho que seria muito importante se ela pudesse somar na prote\u00e7\u00e3o da mulher. E que n\u00e3o retirassem esse direito dela\u201d.<\/p>\n<p>A moradora do bairroVila Montanhesa, Ana Maria de Jesus Silva, disseque quando soube da sa\u00edda da delegada, ela resolveu fazer um abaixo-assinado. \u201cEu soube h\u00e1 tr\u00eas dias, pela minha filha, que a delegada Ione, tinha sa\u00eddo da Delegacia de Mulher. Ent\u00e3o eu resolvi fazer este abaixo-assinado a favor da doutora Ione. Somente hoje pela manh\u00e3 eu peguei essas duas folhas de assinaturas\u201d. At\u00e9 o momento da a\u00e7\u00e3o ela havia coletado, sozinha, 37 assinaturas.<\/p>\n<p>\u201cEu sou a favor dela, pois meu filho foi preso e minha filha buscou a ajuda dela. Se n\u00e3o fosse ela, meu filho estaria preso at\u00e9 hoje\u201d, disse Ana Maria de Jesus Silva.<\/p>\n<div id=\"attachment_137513\" style=\"width: 510px\" class=\"wp-caption aligncenter\"><img loading=\"lazy\" decoding=\"async\" aria-describedby=\"caption-attachment-137513\" class=\" wp-image-137513\" src=\"https:\/\/diarioregionaldigital.com.br\/wp-content\/uploads\/2019\/04\/01-Foto-Rafaela-Frutuoso-3-300x200.jpg\" alt=\"\" width=\"500\" height=\"333\" srcset=\"https:\/\/diarioregionaldigital.com.br\/wp-content\/uploads\/2019\/04\/01-Foto-Rafaela-Frutuoso-3-300x200.jpg 300w, https:\/\/diarioregionaldigital.com.br\/wp-content\/uploads\/2019\/04\/01-Foto-Rafaela-Frutuoso-3-768x512.jpg 768w, https:\/\/diarioregionaldigital.com.br\/wp-content\/uploads\/2019\/04\/01-Foto-Rafaela-Frutuoso-3-1024x683.jpg 1024w, https:\/\/diarioregionaldigital.com.br\/wp-content\/uploads\/2019\/04\/01-Foto-Rafaela-Frutuoso-3-360x240.jpg 360w\" sizes=\"auto, (max-width: 500px) 100vw, 500px\" \/><p id=\"caption-attachment-137513\" class=\"wp-caption-text\">Segundo a organiza\u00e7\u00e3o, cerca de 60 pessoas estiveram no ato. Foto: Rafaela Frutuoso<\/p><\/div>\n<p>Ap\u00f3s a concentra\u00e7\u00e3o na pra\u00e7a, o grupo seguiu pelas ruas do bairro com sonsde apitos e frases \u201cVamos Brasil. Tem que mudar. Doutora Ione tem que voltar!\u201d, at\u00e9 chegar na frente da 1\u00aa Delegacia Regional de Pol\u00edcia Civil. Na porta cobravam respostas, clamando, \u201cQuem vai nos atender? Queremos o porqu\u00ea\u201d.<\/p>\n<p>O grupo havia elegido uma comiss\u00e3o, formada por seis mulheres, para conversar e pedir explica\u00e7\u00f5es ao delegado regional,Armando Avolio Neto, por\u00e9m ele estava em viagem. Com isso, a comiss\u00e3o foi recebida por inspetores que prometeram um posicionamento na pr\u00f3xima segunda-feira, 8.<\/p>\n<p>\u201cOs inspetores da pol\u00edcia civil nos receberam, por que o delegado regional respons\u00e1vel est\u00e1 em viagem para Belo Horizonte, resolvendo outras causas. Ent\u00e3o eles nos ouviram e marcaram um retorno para a pr\u00f3xima segunda-feira. Ent\u00e3o, na pr\u00f3xima segunda-feira, teremos uma comiss\u00e3o formada por mulheres, aqui na delegacia, para buscar respostas\u201d, informou \u00c9rica Silva Bernardo, uma das organizadoras e membro da comiss\u00e3o.<\/p>\n<p>Segundo os organizadores, no pr\u00f3ximo s\u00e1bado, 6, acontecer\u00e1 uma nova a\u00e7\u00e3o, na rua Halfeld, regi\u00e3o central da cidade, em frente ao Banco do Brasil.<\/p>\n<p><iframe loading=\"lazy\" width=\"1170\" height=\"658\" src=\"https:\/\/www.youtube.com\/embed\/l3caSdZ_Auw?feature=oembed\" frameborder=\"0\" allow=\"accelerometer; autoplay; encrypted-media; gyroscope; picture-in-picture\" allowfullscreen><\/iframe><\/p>\n","protected":false},"excerpt":{"rendered":"<p>Na tarde desta quinta-feira, 4, por volta das 14 horas, um grupo de pessoas se reuniram na Rua Rui Barbosa, localizada do Bairro Santa Terezinha, para um apita\u00e7o, repudiando a sa\u00edda da delegada Ione Barbosa, da Delegacia de Mulher. Segundo os respons\u00e1veis pelo movimento, 60 pessoas participaram desta a\u00e7\u00e3o, entre mulheres e homens. Ione Barbosa [&hellip;]<\/p>\n","protected":false},"author":96,"featured_media":137512,"comment_status":"closed","ping_status":"closed","sticky":false,"template":"","format":"standard","meta":{"footnotes":""},"categories":[253,436,440,439],"tags":[],"class_list":["post-137501","post","type-post","status-publish","format-standard","has-post-thumbnail","hentry","category-cidade","category-destaque-da-semana","category-destaques-do-dia","category-ultima-hora"],"_links":{"self":[{"href":"https:\/\/diarioregionaldigital.com.br\/index.php?rest_route=\/wp\/v2\/posts\/137501","targetHints":{"allow":["GET"]}}],"collection":[{"href":"https:\/\/diarioregionaldigital.com.br\/index.php?rest_route=\/wp\/v2\/posts"}],"about":[{"href":"https:\/\/diarioregionaldigital.com.br\/index.php?rest_route=\/wp\/v2\/types\/post"}],"author":[{"embeddable":true,"href":"https:\/\/diarioregionaldigital.com.br\/index.php?rest_route=\/wp\/v2\/users\/96"}],"replies":[{"embeddable":true,"href":"https:\/\/diarioregionaldigital.com.br\/index.php?rest_route=%2Fwp%2Fv2%2Fcomments&post=137501"}],"version-history":[{"count":0,"href":"https:\/\/diarioregionaldigital.com.br\/index.php?rest_route=\/wp\/v2\/posts\/137501\/revisions"}],"wp:featuredmedia":[{"embeddable":true,"href":"https:\/\/diarioregionaldigital.com.br\/index.php?rest_route=\/wp\/v2\/media\/137512"}],"wp:attachment":[{"href":"https:\/\/diarioregionaldigital.com.br\/index.php?rest_route=%2Fwp%2Fv2%2Fmedia&parent=137501"}],"wp:term":[{"taxonomy":"category","embeddable":true,"href":"https:\/\/diarioregionaldigital.com.br\/index.php?rest_route=%2Fwp%2Fv2%2Fcategories&post=137501"},{"taxonomy":"post_tag","embeddable":true,"href":"https:\/\/diarioregionaldigital.com.br\/index.php?rest_route=%2Fwp%2Fv2%2Ftags&post=137501"}],"curies":[{"name":"wp","href":"https:\/\/api.w.org\/{rel}","templated":true}]}}