{"id":137500,"date":"2019-04-05T00:00:22","date_gmt":"2019-04-05T03:00:22","guid":{"rendered":"https:\/\/diarioregionaldigital.com.br\/?p=137500"},"modified":"2019-04-04T18:56:06","modified_gmt":"2019-04-04T21:56:06","slug":"prefeitura-oferece-mais-de-500-vagas-em-oficinas-culturais-gratuitas-em-31-bairros","status":"publish","type":"post","link":"https:\/\/diarioregionaldigital.com.br\/?p=137500","title":{"rendered":"Prefeitura oferece mais de 500 vagas em oficinas culturais gratuitas em 31 bairros"},"content":{"rendered":"<p>Quinhentas e vinte e seis vagas em oficinas gratuitas de teatro, desenho, artesanato, flauta, percuss\u00e3o, capoeira e dan\u00e7a urbana s\u00e3o oferecidas pela Prefeitura de Juiz de Fora (PJF), atrav\u00e9s da Funda\u00e7\u00e3o Cultural \u201cAlfredo Ferreira Lage\u201d (Funalfa). H\u00e1 op\u00e7\u00f5es em 31 bairros da cidade, e as turmas s\u00e3o mantidas por meio do Programa \u201cGente em Primeiro Lugar\u201d, que completa uma d\u00e9cada em 2019.<\/p>\n<p>As oportunidades s\u00e3o voltadas para pessoas de seis a 22 anos, em oficinas rec\u00e9m-lan\u00e7adas, al\u00e9m de vagas ociosas em turmas j\u00e1 em andamento. Em ambos os casos, o in\u00edcio \u00e9 imediato. Os interessados devem procurar o articulador cultural nos dias e hor\u00e1rios das oficinas, conforme a rela\u00e7\u00e3o em anexo. No caso de menores de idade, \u00e9 preciso o acompanhamento de um respons\u00e1vel, com documenta\u00e7\u00e3o pessoal e da crian\u00e7a ou adolescente.<\/p>\n<p>Gerenciado pela Funalfa e pela Associa\u00e7\u00e3o Cultural Arte e Vida (Acav), o \u201cGente em Primeiro Lugar\u201d est\u00e1 consolidado como poderosa ferramenta de transforma\u00e7\u00e3o e inclus\u00e3o social. Refer\u00eancia na democratiza\u00e7\u00e3o do acesso \u00e0 cultura em Juiz de Fora, o programa oferece oficinas culturais a crian\u00e7as, adolescentes e jovens, preferencialmente em situa\u00e7\u00e3o de risco social. Mais que formar artistas, a ideia \u00e9 sensibilizar e socializar atrav\u00e9s da arte, fortalecendo a autoestima e construindo cidadania.<\/p>\n<p>Fonte: Assessoria PJF<\/p>\n","protected":false},"excerpt":{"rendered":"<p>Quinhentas e vinte e seis vagas em oficinas gratuitas de teatro, desenho, artesanato, flauta, percuss\u00e3o, capoeira e dan\u00e7a urbana s\u00e3o oferecidas pela Prefeitura de Juiz de Fora (PJF), atrav\u00e9s da Funda\u00e7\u00e3o Cultural \u201cAlfredo Ferreira Lage\u201d (Funalfa). H\u00e1 op\u00e7\u00f5es em 31 bairros da cidade, e as turmas s\u00e3o mantidas por meio do Programa \u201cGente em Primeiro [&hellip;]<\/p>\n","protected":false},"author":96,"featured_media":130741,"comment_status":"closed","ping_status":"closed","sticky":false,"template":"","format":"standard","meta":{"footnotes":""},"categories":[253,436,439],"tags":[],"class_list":["post-137500","post","type-post","status-publish","format-standard","has-post-thumbnail","hentry","category-cidade","category-destaque-da-semana","category-ultima-hora"],"_links":{"self":[{"href":"https:\/\/diarioregionaldigital.com.br\/index.php?rest_route=\/wp\/v2\/posts\/137500","targetHints":{"allow":["GET"]}}],"collection":[{"href":"https:\/\/diarioregionaldigital.com.br\/index.php?rest_route=\/wp\/v2\/posts"}],"about":[{"href":"https:\/\/diarioregionaldigital.com.br\/index.php?rest_route=\/wp\/v2\/types\/post"}],"author":[{"embeddable":true,"href":"https:\/\/diarioregionaldigital.com.br\/index.php?rest_route=\/wp\/v2\/users\/96"}],"replies":[{"embeddable":true,"href":"https:\/\/diarioregionaldigital.com.br\/index.php?rest_route=%2Fwp%2Fv2%2Fcomments&post=137500"}],"version-history":[{"count":0,"href":"https:\/\/diarioregionaldigital.com.br\/index.php?rest_route=\/wp\/v2\/posts\/137500\/revisions"}],"wp:featuredmedia":[{"embeddable":true,"href":"https:\/\/diarioregionaldigital.com.br\/index.php?rest_route=\/wp\/v2\/media\/130741"}],"wp:attachment":[{"href":"https:\/\/diarioregionaldigital.com.br\/index.php?rest_route=%2Fwp%2Fv2%2Fmedia&parent=137500"}],"wp:term":[{"taxonomy":"category","embeddable":true,"href":"https:\/\/diarioregionaldigital.com.br\/index.php?rest_route=%2Fwp%2Fv2%2Fcategories&post=137500"},{"taxonomy":"post_tag","embeddable":true,"href":"https:\/\/diarioregionaldigital.com.br\/index.php?rest_route=%2Fwp%2Fv2%2Ftags&post=137500"}],"curies":[{"name":"wp","href":"https:\/\/api.w.org\/{rel}","templated":true}]}}