{"id":137498,"date":"2019-04-05T06:00:19","date_gmt":"2019-04-05T09:00:19","guid":{"rendered":"https:\/\/diarioregionaldigital.com.br\/?p=137498"},"modified":"2019-04-04T18:53:22","modified_gmt":"2019-04-04T21:53:22","slug":"sedecon-e-expresso-cidadao-levam-orientacoes-a-populacao-do-bairro-benfica","status":"publish","type":"post","link":"https:\/\/diarioregionaldigital.com.br\/?p=137498","title":{"rendered":"Sedecon e Expresso Cidad\u00e3o levam orienta\u00e7\u00f5es \u00e0 popula\u00e7\u00e3o do bairro Benfica"},"content":{"rendered":"<p>A C\u00e2mara Municipal est\u00e1 a cada dia mais perto da popula\u00e7\u00e3o. Prova disso \u00e9 que mais uma vez o Expresso Cidad\u00e3o sai \u00e0s ruas para, neste s\u00e1bado, 6, visitar o bairro Benfica. Trata-se de uma iniciativa idealizada pelos pr\u00f3prios comerciantes da zona norte, estruturada para promover o com\u00e9rcio local.<\/p>\n<p>Na ocasi\u00e3o, a equipe do Sedecon marcar\u00e1 presen\u00e7a, atendendo ao convite dos organizadores. \u00a0O objetivo \u00e9 melhorar o di\u00e1logo com os comerciantes e prestar orienta\u00e7\u00f5es gerais sobre o C\u00f3digo de Defesa do Consumidor para comerciantes e consumidores.<\/p>\n<p>\u201cRecebemos prontamente este convite, entendendo a relev\u00e2ncia da divulga\u00e7\u00e3o desses temas, al\u00e9m de difundir os esfor\u00e7os e os servi\u00e7os oferecidos pelo Sedecon\u201d, ressalta Gisele Helt Velloso, coordenadora do \u00f3rg\u00e3o.<\/p>\n<p>As atividades ter\u00e3o in\u00edcio \u00e0s 13h, se estendendo at\u00e9 \u00e0s 18h. Os atendimentos ser\u00e3o gratuitos.<\/p>\n<p>Fonte: PJF<\/p>\n","protected":false},"excerpt":{"rendered":"<p>A C\u00e2mara Municipal est\u00e1 a cada dia mais perto da popula\u00e7\u00e3o. Prova disso \u00e9 que mais uma vez o Expresso Cidad\u00e3o sai \u00e0s ruas para, neste s\u00e1bado, 6, visitar o bairro Benfica. Trata-se de uma iniciativa idealizada pelos pr\u00f3prios comerciantes da zona norte, estruturada para promover o com\u00e9rcio local. Na ocasi\u00e3o, a equipe do Sedecon [&hellip;]<\/p>\n","protected":false},"author":96,"featured_media":137503,"comment_status":"closed","ping_status":"closed","sticky":false,"template":"","format":"standard","meta":{"footnotes":""},"categories":[253,436,440,439],"tags":[],"class_list":["post-137498","post","type-post","status-publish","format-standard","has-post-thumbnail","hentry","category-cidade","category-destaque-da-semana","category-destaques-do-dia","category-ultima-hora"],"_links":{"self":[{"href":"https:\/\/diarioregionaldigital.com.br\/index.php?rest_route=\/wp\/v2\/posts\/137498","targetHints":{"allow":["GET"]}}],"collection":[{"href":"https:\/\/diarioregionaldigital.com.br\/index.php?rest_route=\/wp\/v2\/posts"}],"about":[{"href":"https:\/\/diarioregionaldigital.com.br\/index.php?rest_route=\/wp\/v2\/types\/post"}],"author":[{"embeddable":true,"href":"https:\/\/diarioregionaldigital.com.br\/index.php?rest_route=\/wp\/v2\/users\/96"}],"replies":[{"embeddable":true,"href":"https:\/\/diarioregionaldigital.com.br\/index.php?rest_route=%2Fwp%2Fv2%2Fcomments&post=137498"}],"version-history":[{"count":0,"href":"https:\/\/diarioregionaldigital.com.br\/index.php?rest_route=\/wp\/v2\/posts\/137498\/revisions"}],"wp:featuredmedia":[{"embeddable":true,"href":"https:\/\/diarioregionaldigital.com.br\/index.php?rest_route=\/wp\/v2\/media\/137503"}],"wp:attachment":[{"href":"https:\/\/diarioregionaldigital.com.br\/index.php?rest_route=%2Fwp%2Fv2%2Fmedia&parent=137498"}],"wp:term":[{"taxonomy":"category","embeddable":true,"href":"https:\/\/diarioregionaldigital.com.br\/index.php?rest_route=%2Fwp%2Fv2%2Fcategories&post=137498"},{"taxonomy":"post_tag","embeddable":true,"href":"https:\/\/diarioregionaldigital.com.br\/index.php?rest_route=%2Fwp%2Fv2%2Ftags&post=137498"}],"curies":[{"name":"wp","href":"https:\/\/api.w.org\/{rel}","templated":true}]}}