{"id":137497,"date":"2019-04-07T06:00:16","date_gmt":"2019-04-07T09:00:16","guid":{"rendered":"https:\/\/diarioregionaldigital.com.br\/?p=137497"},"modified":"2019-04-04T18:51:45","modified_gmt":"2019-04-04T21:51:45","slug":"camara-municipal-e-prefeitura-de-juiz-de-fora-promovem-a-i-semana-de-seguranca-publica","status":"publish","type":"post","link":"https:\/\/diarioregionaldigital.com.br\/?p=137497","title":{"rendered":"C\u00e2mara Municipal e Prefeitura de Juiz de Fora promovem a I Semana de Seguran\u00e7a P\u00fablica"},"content":{"rendered":"<p>Seguran\u00e7a \u00e9 responsabilidade de todos. Este \u00e9 o tema da I Semana de Seguran\u00e7a P\u00fablica promovida entre os dias 8 e 12 de abril de 2019 pela Comiss\u00e3o de Seguran\u00e7a P\u00fablica da C\u00e2mara Municipal, em parceria com a Secretaria Municipal de Seguran\u00e7a P\u00fablica e Cidadania &#8211; SESUC. A Semana foi institu\u00edda pela Lei 13780, de 21 de novembro de 2019, de autoria dos vereadores Sargento Mello Casal (PTB) e Cido Reis(PSB), que integram a Comiss\u00e3o de Seguran\u00e7a junto com o vereador Marlon Siqueira (MDB).<\/p>\n<p>\u201cO objetivo da Semana Municipal de Seguran\u00e7a P\u00fablica \u00e9 criar um f\u00f3rum anual de debates no qual a seguran\u00e7a seja discutida em todos os n\u00edveis, por todas as classes de seguran\u00e7a e pela comunidade. Queremos promover uma maior intera\u00e7\u00e3o entre os \u00f3rg\u00e3os de seguran\u00e7a que atuam em Juiz de Fora e tamb\u00e9m que os profissionais do setor tenham o reconhecimento devido por sua atua\u00e7\u00e3o no munic\u00edpio\u201d, afirma o vereador Sargento Mello Casal, presidente da Comiss\u00e3o de Seguran\u00e7a P\u00fablica.<\/p>\n<p>O vereador Cido Reis pontuou que est\u00e1 \u00e9 uma forma de promover a discuss\u00e3o tem\u00e1tica al\u00e9m de trabalhar na preven\u00e7\u00e3o. \u201cAcredito que cada um no seu espa\u00e7o, pode contribuir para fortalecer o debate de forma articulada. As comunidades precisam ser instru\u00eddas, para construirmos uma cultura de preven\u00e7\u00e3o com medidas b\u00e1sicas de seguran\u00e7a\u201d, disse.<\/p>\n<p>A programa\u00e7\u00e3o prev\u00ea a realiza\u00e7\u00e3o de palestras gratuitas e abertas ao p\u00fablico no plen\u00e1rio da C\u00e2mara Municipal de segunda a quarta-feira, entre 9h e 12h, com o objetivo de levar \u00e0 popula\u00e7\u00e3o e aos demais \u00f3rg\u00e3os de seguran\u00e7a um diagn\u00f3stico do trabalho desenvolvido em 2018 pelas institui\u00e7\u00f5es e informa\u00e7\u00f5es \u00fateis que incentivem a popula\u00e7\u00e3o a se organizar e a participar ativamente da seguran\u00e7a p\u00fablica. As inscri\u00e7\u00f5es ser\u00e3o realizadas na data e local das palestras e haver\u00e1 certifica\u00e7\u00e3o eletr\u00f4nica para os interessados.<\/p>\n<p><strong>Painel Estadual<\/strong><\/p>\n<p>Um dos destaques ser\u00e1 a realiza\u00e7\u00e3o de um Painel de Seguran\u00e7a P\u00fablica e Administra\u00e7\u00e3o Prisional do Estado de Minas Gerais, no Teatro Paschoal Carlos Magno, com a presen\u00e7a do Secret\u00e1rio de Estado de Seguran\u00e7a P\u00fablica, General M\u00e1rio L\u00facio Alves de Ara\u00fajo e dos subsecret\u00e1rios da pasta no dia 11 de abril. Estar\u00e3o presentes o Subsecret\u00e1rio de Administra\u00e7\u00e3o Prisional, Rodrigo Machado de Andrade; o Subsecret\u00e1rio de Atendimento as Medidas Socioeducativas, Bernardo Pinto Coelho Naves e a Subsecret\u00e1ria de Preven\u00e7\u00e3o \u00e0 Criminalidade, Andreza Rafaela Abreu Gomes.<\/p>\n<p>\u201cO painel visa uma maior interlocu\u00e7\u00e3o entre o munic\u00edpio e o Estado nas a\u00e7\u00f5es executadas e na constru\u00e7\u00e3o de uma pol\u00edtica de seguran\u00e7a p\u00fablica para nossa cidade. \u00a0S\u00e3o os primeiros passos para a implanta\u00e7\u00e3o do Sistema de Seguran\u00e7a P\u00fablica no Munic\u00edpio\u201d, avalia o Secret\u00e1rio Municipal de Seguran\u00e7a Urbana e Cidadania, Jos\u00e9 S\u00f3ter de Figueir\u00f4a Neto ,<\/p>\n<p><strong>A\u00e7\u00e3o P\u00fablica<\/strong><\/p>\n<p>Na sexta-feira, 12, entre 9h e 12h, ser\u00e1 realizada uma A\u00e7\u00e3o P\u00fablica das For\u00e7as de Seguran\u00e7a no Parque Halfeld com apresenta\u00e7\u00f5es da Banda de M\u00fasica da Pol\u00edcia Militar, dos c\u00e3es que realizam a seguran\u00e7a no Ceresp, de um simulado de combate a inc\u00eandio do Corpo de Bombeiros e do Programa s\u00f3cio- esportivo &#8220;Supera\u00e7\u00e3o&#8221;, desenvolvido na unidade do Sistema Socioeducativo de Juiz de Fora. A popula\u00e7\u00e3o ainda ter\u00e1 \u00e0 disposi\u00e7\u00e3o informa\u00e7\u00f5es sobre seguran\u00e7a nos estandes do Corpo de Bombeiros, Ex\u00e9rcito Brasileiro, Guarda Municipal, Pol\u00edcia Civil, Pol\u00edcia Rodovi\u00e1ria Estadual, Pol\u00edcia de Meio Ambiente e do \u00f3rg\u00e3o de Preven\u00e7\u00e3o Social \u00e0 Criminalidade em Juiz de Fora.<\/p>\n<p>A popula\u00e7\u00e3o poder\u00e1 tamb\u00e9m refletir sobre seguran\u00e7a ambiental. Durante toda a manh\u00e3 haver\u00e1 um posto de coleta de res\u00edduos eletr\u00f4nicos da empresa E-ambiental \u00a0que realiza parceria com e Ceresp h\u00e1 um ano. Todo o lixo eletr\u00f4nico ser\u00e1 encaminhado para o Ceresp onde os detentos desmontam e separam os componentes que retornam \u00e0 cadeia de produ\u00e7\u00e3o de ind\u00fastrias respons\u00e1veis pela reciclagem.<\/p>\n<p>&nbsp;<\/p>\n<p>Fonte: CMJF<\/p>\n","protected":false},"excerpt":{"rendered":"<p>Seguran\u00e7a \u00e9 responsabilidade de todos. Este \u00e9 o tema da I Semana de Seguran\u00e7a P\u00fablica promovida entre os dias 8 e 12 de abril de 2019 pela Comiss\u00e3o de Seguran\u00e7a P\u00fablica da C\u00e2mara Municipal, em parceria com a Secretaria Municipal de Seguran\u00e7a P\u00fablica e Cidadania &#8211; SESUC. A Semana foi institu\u00edda pela Lei 13780, de [&hellip;]<\/p>\n","protected":false},"author":96,"featured_media":130741,"comment_status":"closed","ping_status":"closed","sticky":false,"template":"","format":"standard","meta":{"footnotes":""},"categories":[253,436,439],"tags":[],"class_list":["post-137497","post","type-post","status-publish","format-standard","has-post-thumbnail","hentry","category-cidade","category-destaque-da-semana","category-ultima-hora"],"_links":{"self":[{"href":"https:\/\/diarioregionaldigital.com.br\/index.php?rest_route=\/wp\/v2\/posts\/137497","targetHints":{"allow":["GET"]}}],"collection":[{"href":"https:\/\/diarioregionaldigital.com.br\/index.php?rest_route=\/wp\/v2\/posts"}],"about":[{"href":"https:\/\/diarioregionaldigital.com.br\/index.php?rest_route=\/wp\/v2\/types\/post"}],"author":[{"embeddable":true,"href":"https:\/\/diarioregionaldigital.com.br\/index.php?rest_route=\/wp\/v2\/users\/96"}],"replies":[{"embeddable":true,"href":"https:\/\/diarioregionaldigital.com.br\/index.php?rest_route=%2Fwp%2Fv2%2Fcomments&post=137497"}],"version-history":[{"count":0,"href":"https:\/\/diarioregionaldigital.com.br\/index.php?rest_route=\/wp\/v2\/posts\/137497\/revisions"}],"wp:featuredmedia":[{"embeddable":true,"href":"https:\/\/diarioregionaldigital.com.br\/index.php?rest_route=\/wp\/v2\/media\/130741"}],"wp:attachment":[{"href":"https:\/\/diarioregionaldigital.com.br\/index.php?rest_route=%2Fwp%2Fv2%2Fmedia&parent=137497"}],"wp:term":[{"taxonomy":"category","embeddable":true,"href":"https:\/\/diarioregionaldigital.com.br\/index.php?rest_route=%2Fwp%2Fv2%2Fcategories&post=137497"},{"taxonomy":"post_tag","embeddable":true,"href":"https:\/\/diarioregionaldigital.com.br\/index.php?rest_route=%2Fwp%2Fv2%2Ftags&post=137497"}],"curies":[{"name":"wp","href":"https:\/\/api.w.org\/{rel}","templated":true}]}}