{"id":137485,"date":"2019-04-07T06:00:00","date_gmt":"2019-04-07T09:00:00","guid":{"rendered":"https:\/\/diarioregionaldigital.com.br\/?p=137485"},"modified":"2019-04-04T18:46:11","modified_gmt":"2019-04-04T21:46:11","slug":"planalto-inclui-foto-de-bolsonaro-na-galeria-dos-presidentes","status":"publish","type":"post","link":"https:\/\/diarioregionaldigital.com.br\/?p=137485","title":{"rendered":"Planalto inclui foto de Bolsonaro na Galeria dos Presidentes"},"content":{"rendered":"<p>O Pal\u00e1cio do Planalto incluiu o retrato oficial do presidente Jair Bolsonaro na Galeria dos Presidentes da Rep\u00fablica, que fica no andar t\u00e9rreo do pr\u00e9dio, em Bras\u00edlia. O espa\u00e7o exp\u00f5e as fotografias de todos os 38 brasileiros que foram diplomados como presidentes do Brasil na hist\u00f3ria da Rep\u00fablica, come\u00e7ando por Marechal Deodoro da Fonseca, que governou entre 1889 e 1891.<\/p>\n<p>A baixo da fotografia de cada chefe de Estado, constam o nome, a data de nascimento e, quando \u00e9 o caso, a data de morte. Todas as fotografias s\u00e3o em preto e branco, com exce\u00e7\u00e3o do retrato do presidente que exerce o cargo na atualidade, o \u00fanico exposto em cores na galeria. Dois pain\u00e9is laterais trazem\u00a0os nomes dos presidentes e os correspondentes per\u00edodos de governo. Do lado esquerdo, fica a lista dos presidentes que exerceram o cargo no Rio\u00a0de Janeiro, capital do pa\u00eds at\u00e9 1960. Do lado direito, o painel traz os nomes dos titulares empossados em Bras\u00edlia, come\u00e7ando por Juscelino Kubitschek.<\/p>\n<p>A foto de Bolsonaro \u00e9 a mesma do retrato oficial divulgado em janeiro, que mostra o presidente da cintura para cima, com a faixa presidencial e tendo a bandeira do Brasil ao fundo, no padr\u00e3o tradicional de retratos desse tipo.<\/p>\n<p>&nbsp;<\/p>\n<p>Fonte: Ag\u00eancia Brasil<\/p>\n","protected":false},"excerpt":{"rendered":"<p>O Pal\u00e1cio do Planalto incluiu o retrato oficial do presidente Jair Bolsonaro na Galeria dos Presidentes da Rep\u00fablica, que fica no andar t\u00e9rreo do pr\u00e9dio, em Bras\u00edlia. O espa\u00e7o exp\u00f5e as fotografias de todos os 38 brasileiros que foram diplomados como presidentes do Brasil na hist\u00f3ria da Rep\u00fablica, come\u00e7ando por Marechal Deodoro da Fonseca, que [&hellip;]<\/p>\n","protected":false},"author":96,"featured_media":137493,"comment_status":"closed","ping_status":"closed","sticky":false,"template":"","format":"standard","meta":{"footnotes":""},"categories":[436,254,439],"tags":[],"class_list":["post-137485","post","type-post","status-publish","format-standard","has-post-thumbnail","hentry","category-destaque-da-semana","category-politica","category-ultima-hora"],"_links":{"self":[{"href":"https:\/\/diarioregionaldigital.com.br\/index.php?rest_route=\/wp\/v2\/posts\/137485","targetHints":{"allow":["GET"]}}],"collection":[{"href":"https:\/\/diarioregionaldigital.com.br\/index.php?rest_route=\/wp\/v2\/posts"}],"about":[{"href":"https:\/\/diarioregionaldigital.com.br\/index.php?rest_route=\/wp\/v2\/types\/post"}],"author":[{"embeddable":true,"href":"https:\/\/diarioregionaldigital.com.br\/index.php?rest_route=\/wp\/v2\/users\/96"}],"replies":[{"embeddable":true,"href":"https:\/\/diarioregionaldigital.com.br\/index.php?rest_route=%2Fwp%2Fv2%2Fcomments&post=137485"}],"version-history":[{"count":0,"href":"https:\/\/diarioregionaldigital.com.br\/index.php?rest_route=\/wp\/v2\/posts\/137485\/revisions"}],"wp:featuredmedia":[{"embeddable":true,"href":"https:\/\/diarioregionaldigital.com.br\/index.php?rest_route=\/wp\/v2\/media\/137493"}],"wp:attachment":[{"href":"https:\/\/diarioregionaldigital.com.br\/index.php?rest_route=%2Fwp%2Fv2%2Fmedia&parent=137485"}],"wp:term":[{"taxonomy":"category","embeddable":true,"href":"https:\/\/diarioregionaldigital.com.br\/index.php?rest_route=%2Fwp%2Fv2%2Fcategories&post=137485"},{"taxonomy":"post_tag","embeddable":true,"href":"https:\/\/diarioregionaldigital.com.br\/index.php?rest_route=%2Fwp%2Fv2%2Ftags&post=137485"}],"curies":[{"name":"wp","href":"https:\/\/api.w.org\/{rel}","templated":true}]}}