{"id":137479,"date":"2019-04-05T06:00:39","date_gmt":"2019-04-05T09:00:39","guid":{"rendered":"https:\/\/diarioregionaldigital.com.br\/?p=137479"},"modified":"2019-04-04T18:42:50","modified_gmt":"2019-04-04T21:42:50","slug":"inauguracao-2","status":"publish","type":"post","link":"https:\/\/diarioregionaldigital.com.br\/?p=137479","title":{"rendered":"Inaugura\u00e7\u00e3o"},"content":{"rendered":"<p style=\"text-align: center;\"><strong>Projeto \u201cAcorde\u201d<\/strong><\/p>\n<p style=\"text-align: center;\">Na \u00faltima semana, a Arquidiocese de Juiz de Fora lan\u00e7ou mais uma a\u00e7\u00e3o sociocaritativa: o Projeto \u201cAcorde\u201d de Forma\u00e7\u00e3o Musical, mantido pela Associa\u00e7\u00e3o de Assist\u00eancia Social Padre Jo\u00e3o Em\u00edlio. A iniciativa, idealizada pelo arcebispo metropolitano Dom Gil Antonio Moreira, foi apresentada e realizada no Instituto Padre Jo\u00e3o Em\u00edlio, local que abrigar\u00e1 as aulas.<\/p>\n<p style=\"text-align: center;\"><strong>Inaugura\u00e7\u00e3o<\/strong><\/p>\n<p style=\"text-align: center;\">Foi bastante concorrida a inaugura\u00e7\u00e3o do N\u00facleo profissional Ensinando Sa\u00fade (Nupensa), na Rua Dr. Jos\u00e9 Ces\u00e1rio, n\u00ba 61, Alto dos Passos. A professora Hila Martins Campos Faria do curso de psicologia do CES\/JF avisa que este espa\u00e7o agregar\u00e1 servi\u00e7os de sa\u00fade e educa\u00e7\u00e3o, interdisciplinaridade e humaniza\u00e7\u00e3o, aten\u00e7\u00e3o individual e em grupo para mulheres e familiares, ofertas de cursos livres, capacita\u00e7\u00e3o e aperfei\u00e7oamento para cuidadores.<\/p>\n<p style=\"text-align: center;\"><strong>Sal\u00e3o do Livro<\/strong><\/p>\n<p style=\"text-align: center;\">Para quem sonha em ver seus livros rodando o mundo, 5\u00ba Sal\u00e3o do Livro de Nova Iorque est\u00e1 com Inscri\u00e7\u00f5es abertas para autores. Organizado pela ZL Books Editora, o evento acontece, dias 19 e 20 de junho, na Biblioteca Brasileira de Nova Iorque (Brazilian Endowment for the Arts). O programa tamb\u00e9m conta a realiza\u00e7\u00e3o de atividades culturais e palestra sobre literatura brasileira no mundo. Inscri\u00e7\u00f5es at\u00e9 25 de abril pelo e-mail zicomunica\u00e7\u00e3o8@gmail.com<\/p>\n<p style=\"text-align: center;\"><strong>Teatro<\/strong><\/p>\n<p style=\"text-align: center;\">O Divers\u00e3o em Cena AcerlorMittal estreia nova temporada em Juiz de Fora no dia 7 de abril, domingo, com o espet\u00e1culo Alice &#8211; O Musical. A hist\u00f3ria traz ao munic\u00edpio mineiro a adapta\u00e7\u00e3o da Cia Voir e ser\u00e1 encenada no Teatro Solar, \u00e0s 16h. Em 2019, o Divers\u00e3o em Cena ArcelorMittal comemora sua 10\u00aa edi\u00e7\u00e3o.<\/p>\n<p style=\"text-align: center;\"><strong>Dica Esperta<\/strong><\/p>\n<p style=\"text-align: center;\">Os deliciosos chocolates, docinhos, bolos e ovos de P\u00e1scoa do Atelier Maria Pipoca fazem a diferen\u00e7a. Tudo de primeir\u00edssima qualidade. Encomendas: (32) 98849-6103.<\/p>\n<div id=\"attachment_137461\" style=\"width: 690px\" class=\"wp-caption aligncenter\"><img loading=\"lazy\" decoding=\"async\" aria-describedby=\"caption-attachment-137461\" class=\"wp-image-137461\" src=\"https:\/\/diarioregionaldigital.com.br\/wp-content\/uploads\/2019\/04\/fotoa-3-e1554413493388.jpg\" alt=\"\" width=\"680\" height=\"541\" srcset=\"https:\/\/diarioregionaldigital.com.br\/wp-content\/uploads\/2019\/04\/fotoa-3-e1554413493388.jpg 1176w, https:\/\/diarioregionaldigital.com.br\/wp-content\/uploads\/2019\/04\/fotoa-3-e1554413493388-300x239.jpg 300w, https:\/\/diarioregionaldigital.com.br\/wp-content\/uploads\/2019\/04\/fotoa-3-e1554413493388-768x611.jpg 768w, https:\/\/diarioregionaldigital.com.br\/wp-content\/uploads\/2019\/04\/fotoa-3-e1554413493388-1024x815.jpg 1024w, https:\/\/diarioregionaldigital.com.br\/wp-content\/uploads\/2019\/04\/fotoa-3-e1554413493388-360x287.jpg 360w\" sizes=\"auto, (max-width: 680px) 100vw, 680px\" \/><p id=\"caption-attachment-137461\" class=\"wp-caption-text\">Aniversariante de destaque deste outono, Vera Alice Tam recebeu flores e comemorou em sua resid\u00eancia na Su\u00ed\u00e7a, com o marido Charles e a filha Sarah<\/p><\/div>\n<div id=\"attachment_137462\" style=\"width: 690px\" class=\"wp-caption aligncenter\"><img loading=\"lazy\" decoding=\"async\" aria-describedby=\"caption-attachment-137462\" class=\"wp-image-137462\" src=\"https:\/\/diarioregionaldigital.com.br\/wp-content\/uploads\/2019\/04\/fotob-3-e1554413512479.jpg\" alt=\"\" width=\"680\" height=\"538\" srcset=\"https:\/\/diarioregionaldigital.com.br\/wp-content\/uploads\/2019\/04\/fotob-3-e1554413512479.jpg 1181w, https:\/\/diarioregionaldigital.com.br\/wp-content\/uploads\/2019\/04\/fotob-3-e1554413512479-300x237.jpg 300w, https:\/\/diarioregionaldigital.com.br\/wp-content\/uploads\/2019\/04\/fotob-3-e1554413512479-768x607.jpg 768w, https:\/\/diarioregionaldigital.com.br\/wp-content\/uploads\/2019\/04\/fotob-3-e1554413512479-1024x810.jpg 1024w, https:\/\/diarioregionaldigital.com.br\/wp-content\/uploads\/2019\/04\/fotob-3-e1554413512479-360x285.jpg 360w\" sizes=\"auto, (max-width: 680px) 100vw, 680px\" \/><p id=\"caption-attachment-137462\" class=\"wp-caption-text\">No Restaurante Card\u00e1pio Mineiro, no M\u00eas da Mulher, a hostess Beth Urgal com Marli Ferreira<\/p><\/div>\n<div id=\"attachment_137463\" style=\"width: 690px\" class=\"wp-caption aligncenter\"><img loading=\"lazy\" decoding=\"async\" aria-describedby=\"caption-attachment-137463\" class=\"wp-image-137463\" src=\"https:\/\/diarioregionaldigital.com.br\/wp-content\/uploads\/2019\/04\/fotoc-3-e1554413533489.jpg\" alt=\"\" width=\"680\" height=\"508\" srcset=\"https:\/\/diarioregionaldigital.com.br\/wp-content\/uploads\/2019\/04\/fotoc-3-e1554413533489.jpg 1114w, https:\/\/diarioregionaldigital.com.br\/wp-content\/uploads\/2019\/04\/fotoc-3-e1554413533489-300x224.jpg 300w, https:\/\/diarioregionaldigital.com.br\/wp-content\/uploads\/2019\/04\/fotoc-3-e1554413533489-768x574.jpg 768w, https:\/\/diarioregionaldigital.com.br\/wp-content\/uploads\/2019\/04\/fotoc-3-e1554413533489-1024x765.jpg 1024w, https:\/\/diarioregionaldigital.com.br\/wp-content\/uploads\/2019\/04\/fotoc-3-e1554413533489-360x269.jpg 360w\" sizes=\"auto, (max-width: 680px) 100vw, 680px\" \/><p id=\"caption-attachment-137463\" class=\"wp-caption-text\">No Sal\u00e3o MS, o talentoso coiffeur Lisandro Reis<\/p><\/div>\n<div id=\"attachment_137464\" style=\"width: 690px\" class=\"wp-caption aligncenter\"><img loading=\"lazy\" decoding=\"async\" aria-describedby=\"caption-attachment-137464\" class=\"wp-image-137464\" src=\"https:\/\/diarioregionaldigital.com.br\/wp-content\/uploads\/2019\/04\/fotod-3-e1554413555352.jpg\" alt=\"\" width=\"680\" height=\"461\" srcset=\"https:\/\/diarioregionaldigital.com.br\/wp-content\/uploads\/2019\/04\/fotod-3-e1554413555352.jpg 1082w, https:\/\/diarioregionaldigital.com.br\/wp-content\/uploads\/2019\/04\/fotod-3-e1554413555352-300x204.jpg 300w, https:\/\/diarioregionaldigital.com.br\/wp-content\/uploads\/2019\/04\/fotod-3-e1554413555352-768x521.jpg 768w, https:\/\/diarioregionaldigital.com.br\/wp-content\/uploads\/2019\/04\/fotod-3-e1554413555352-1024x695.jpg 1024w, https:\/\/diarioregionaldigital.com.br\/wp-content\/uploads\/2019\/04\/fotod-3-e1554413555352-360x244.jpg 360w\" sizes=\"auto, (max-width: 680px) 100vw, 680px\" \/><p id=\"caption-attachment-137464\" class=\"wp-caption-text\">Na C\u00e2mara Municipal, os delegados competentes, Sheila Oliveira, Carlos Eduardo Rodrigues e \u00c2ngela Fellet<\/p><\/div>\n<div id=\"attachment_137465\" style=\"width: 690px\" class=\"wp-caption aligncenter\"><img loading=\"lazy\" decoding=\"async\" aria-describedby=\"caption-attachment-137465\" class=\"wp-image-137465\" src=\"https:\/\/diarioregionaldigital.com.br\/wp-content\/uploads\/2019\/04\/fotoe-1-e1554413577547.jpg\" alt=\"\" width=\"680\" height=\"472\" srcset=\"https:\/\/diarioregionaldigital.com.br\/wp-content\/uploads\/2019\/04\/fotoe-1-e1554413577547.jpg 1477w, https:\/\/diarioregionaldigital.com.br\/wp-content\/uploads\/2019\/04\/fotoe-1-e1554413577547-300x208.jpg 300w, https:\/\/diarioregionaldigital.com.br\/wp-content\/uploads\/2019\/04\/fotoe-1-e1554413577547-768x533.jpg 768w, https:\/\/diarioregionaldigital.com.br\/wp-content\/uploads\/2019\/04\/fotoe-1-e1554413577547-1024x711.jpg 1024w, https:\/\/diarioregionaldigital.com.br\/wp-content\/uploads\/2019\/04\/fotoe-1-e1554413577547-360x250.jpg 360w, https:\/\/diarioregionaldigital.com.br\/wp-content\/uploads\/2019\/04\/fotoe-1-e1554413577547-100x70.jpg 100w\" sizes=\"auto, (max-width: 680px) 100vw, 680px\" \/><p id=\"caption-attachment-137465\" class=\"wp-caption-text\">Na Intermezzo Turismo, Verinha Ludolf, Marcela Bersan, Juliana Ribeiro, Patr\u00edcia Bartels (comemorando 10 anos de ag\u00eancia) e Ermani Souza<\/p><\/div>\n<div id=\"attachment_137466\" style=\"width: 690px\" class=\"wp-caption aligncenter\"><img loading=\"lazy\" decoding=\"async\" aria-describedby=\"caption-attachment-137466\" class=\"wp-image-137466\" src=\"https:\/\/diarioregionaldigital.com.br\/wp-content\/uploads\/2019\/04\/fotof-3-e1554413633742.jpg\" alt=\"\" width=\"680\" height=\"538\" srcset=\"https:\/\/diarioregionaldigital.com.br\/wp-content\/uploads\/2019\/04\/fotof-3-e1554413633742.jpg 1176w, https:\/\/diarioregionaldigital.com.br\/wp-content\/uploads\/2019\/04\/fotof-3-e1554413633742-300x237.jpg 300w, https:\/\/diarioregionaldigital.com.br\/wp-content\/uploads\/2019\/04\/fotof-3-e1554413633742-768x607.jpg 768w, https:\/\/diarioregionaldigital.com.br\/wp-content\/uploads\/2019\/04\/fotof-3-e1554413633742-1024x810.jpg 1024w, https:\/\/diarioregionaldigital.com.br\/wp-content\/uploads\/2019\/04\/fotof-3-e1554413633742-360x285.jpg 360w\" sizes=\"auto, (max-width: 680px) 100vw, 680px\" \/><p id=\"caption-attachment-137466\" class=\"wp-caption-text\">Comemorando 70 anos, a lindona Mar\u00edlia Vieira Pires<\/p><\/div>\n<div id=\"attachment_137467\" style=\"width: 690px\" class=\"wp-caption aligncenter\"><img loading=\"lazy\" decoding=\"async\" aria-describedby=\"caption-attachment-137467\" class=\"wp-image-137467\" src=\"https:\/\/diarioregionaldigital.com.br\/wp-content\/uploads\/2019\/04\/fotog-3.jpg\" alt=\"\" width=\"680\" height=\"503\" srcset=\"https:\/\/diarioregionaldigital.com.br\/wp-content\/uploads\/2019\/04\/fotog-3.jpg 1174w, https:\/\/diarioregionaldigital.com.br\/wp-content\/uploads\/2019\/04\/fotog-3-300x222.jpg 300w, https:\/\/diarioregionaldigital.com.br\/wp-content\/uploads\/2019\/04\/fotog-3-768x568.jpg 768w, https:\/\/diarioregionaldigital.com.br\/wp-content\/uploads\/2019\/04\/fotog-3-1024x757.jpg 1024w, https:\/\/diarioregionaldigital.com.br\/wp-content\/uploads\/2019\/04\/fotog-3-360x266.jpg 360w\" sizes=\"auto, (max-width: 680px) 100vw, 680px\" \/><p id=\"caption-attachment-137467\" class=\"wp-caption-text\">Homens de atitude fazendo a linha bonit\u00f5es, Estev\u00e3o Freitas, Heverson San\u00e1bio, Marlos Andreucci e Thiago Guimar\u00e3es, no Trade Hotel<\/p><\/div>\n<div id=\"attachment_137468\" style=\"width: 690px\" class=\"wp-caption aligncenter\"><img loading=\"lazy\" decoding=\"async\" aria-describedby=\"caption-attachment-137468\" class=\"wp-image-137468\" src=\"https:\/\/diarioregionaldigital.com.br\/wp-content\/uploads\/2019\/04\/fotoh-2-e1554413663969.jpg\" alt=\"\" width=\"680\" height=\"488\" srcset=\"https:\/\/diarioregionaldigital.com.br\/wp-content\/uploads\/2019\/04\/fotoh-2-e1554413663969.jpg 1134w, https:\/\/diarioregionaldigital.com.br\/wp-content\/uploads\/2019\/04\/fotoh-2-e1554413663969-300x215.jpg 300w, https:\/\/diarioregionaldigital.com.br\/wp-content\/uploads\/2019\/04\/fotoh-2-e1554413663969-768x551.jpg 768w, https:\/\/diarioregionaldigital.com.br\/wp-content\/uploads\/2019\/04\/fotoh-2-e1554413663969-1024x734.jpg 1024w, https:\/\/diarioregionaldigital.com.br\/wp-content\/uploads\/2019\/04\/fotoh-2-e1554413663969-360x258.jpg 360w\" sizes=\"auto, (max-width: 680px) 100vw, 680px\" \/><p id=\"caption-attachment-137468\" class=\"wp-caption-text\">No Privil\u00e8ge fazendo social, os irm\u00e3o Marc\u00edlio Gomes e Eduardo Gomes<\/p><\/div>\n<div id=\"attachment_137469\" style=\"width: 690px\" class=\"wp-caption aligncenter\"><img loading=\"lazy\" decoding=\"async\" aria-describedby=\"caption-attachment-137469\" class=\"wp-image-137469\" src=\"https:\/\/diarioregionaldigital.com.br\/wp-content\/uploads\/2019\/04\/fotoi-2-e1554413700750.jpg\" alt=\"\" width=\"680\" height=\"466\" srcset=\"https:\/\/diarioregionaldigital.com.br\/wp-content\/uploads\/2019\/04\/fotoi-2-e1554413700750.jpg 1502w, https:\/\/diarioregionaldigital.com.br\/wp-content\/uploads\/2019\/04\/fotoi-2-e1554413700750-300x206.jpg 300w, https:\/\/diarioregionaldigital.com.br\/wp-content\/uploads\/2019\/04\/fotoi-2-e1554413700750-768x527.jpg 768w, https:\/\/diarioregionaldigital.com.br\/wp-content\/uploads\/2019\/04\/fotoi-2-e1554413700750-1024x702.jpg 1024w, https:\/\/diarioregionaldigital.com.br\/wp-content\/uploads\/2019\/04\/fotoi-2-e1554413700750-360x247.jpg 360w, https:\/\/diarioregionaldigital.com.br\/wp-content\/uploads\/2019\/04\/fotoi-2-e1554413700750-100x70.jpg 100w\" sizes=\"auto, (max-width: 680px) 100vw, 680px\" \/><p id=\"caption-attachment-137469\" class=\"wp-caption-text\">No Encontro de Noivas na By Candy, as elegantes Nayara Neto e Nayane Neto<\/p><\/div>\n<div id=\"attachment_137470\" style=\"width: 690px\" class=\"wp-caption aligncenter\"><img loading=\"lazy\" decoding=\"async\" aria-describedby=\"caption-attachment-137470\" class=\"wp-image-137470\" src=\"https:\/\/diarioregionaldigital.com.br\/wp-content\/uploads\/2019\/04\/fotoj-2-e1554413835301.jpg\" alt=\"\" width=\"680\" height=\"469\" srcset=\"https:\/\/diarioregionaldigital.com.br\/wp-content\/uploads\/2019\/04\/fotoj-2-e1554413835301.jpg 1610w, https:\/\/diarioregionaldigital.com.br\/wp-content\/uploads\/2019\/04\/fotoj-2-e1554413835301-300x207.jpg 300w, https:\/\/diarioregionaldigital.com.br\/wp-content\/uploads\/2019\/04\/fotoj-2-e1554413835301-768x529.jpg 768w, https:\/\/diarioregionaldigital.com.br\/wp-content\/uploads\/2019\/04\/fotoj-2-e1554413835301-1024x706.jpg 1024w, https:\/\/diarioregionaldigital.com.br\/wp-content\/uploads\/2019\/04\/fotoj-2-e1554413835301-360x248.jpg 360w, https:\/\/diarioregionaldigital.com.br\/wp-content\/uploads\/2019\/04\/fotoj-2-e1554413835301-100x70.jpg 100w\" sizes=\"auto, (max-width: 680px) 100vw, 680px\" \/><p id=\"caption-attachment-137470\" class=\"wp-caption-text\">O colunista do Vale do A\u00e7o Fernand Lodi pontificando no Teatro Municipal (Rio)<\/p><\/div>\n<p style=\"text-align: center;\"><strong>FOTOSS\u00cdNTESE<\/strong><\/p>\n<p>O talentoso Alexandre Hill faz palestra no s\u00e1bado, 6, \u00e0s 14h, sobre o livro \u201cDi\u00e1rio de um imigrante alem\u00e3o\u201d de sua autoria, no Sal\u00e3o da Igreja Luterana, em Petr\u00f3polis.<\/p>\n<p>Rodrigo Bering lan\u00e7a a cole\u00e7\u00e3o outono inverno da 4Live, na 6\u00aa feira, durante todo o dia na loja do Marechal Center, 1\u00ba piso. As pe\u00e7as s\u00e3o de apurad\u00edssimo bom gosto.<\/p>\n<p>Ser\u00e1 no Espa\u00e7o Excalibur no s\u00e1bado, 6, \u00e0s 10h, o Caf\u00e9 Folos\u00f3fico com o tema \u201cNietzsche e Freud: aproxima\u00e7\u00f5es e o nascimento do inconsciente freudiano\u201d, com a psicanalista Maria Jos\u00e9 Mendon\u00e7a.<\/p>\n<p>Vai bombar no s\u00e1bado, 6 de abril, \u00e0s 16h, no Anexo da Rua Roberto Stiegert, n\u00ba 31, em S\u00e3o Pedro, o evento Roda de Samba do Nascimento. No palco, Zez\u00e9 do Pandeiro, Mestre Jansen, Edynel, Mam\u00e3o, Quedma Ara\u00fajo, Ney Gerald e a diva Sandra Portella.<\/p>\n<p>Em estilo \u00fanico, M\u00e1rcio Itaboray e Carlos Salom\u00e3o lan\u00e7am dia 11 de abril no Clube Bom Pastor, o livro \u201cDentro da \u00e1rea n\u00e3o vale\u201d. Nas linhas, o futebol de sal\u00e3o da cidade nas d\u00e9cadas de 60 e 70.<\/p>\n<p>Gente jovem e bonita circularam no show do cantor Vitor Kley fazendo a festa no Cultural Bar. Por l\u00e1: Hellen Divan e Juan Demolinari, Amanda Mendon\u00e7a e Arthur Muller, Thamiris Martins e Pablo Sales.<\/p>\n<p>O cantor Almir Sater vai aterrissar no palco do Terrazzo, no dia 31 de maio. No card\u00e1pio musical, \u201cTocando em frente\u201d, \u201cTrem do Pantanal\u201d e \u201cChalana\u201d.<\/p>\n<p>Um ax\u00e9 especial para Tufic Nabah.<\/p>\n<p>Thenner Freitas passou e deu aquele al\u00f4.<\/p>\n<p>Bruno Viana est\u00e1 fazendo sucesso entre os jovens com seu Restaurante e bar Brota, na Silva Jardim.<\/p>\n<p>Est\u00e1 um show a cole\u00e7\u00e3o outono inverno da Veneno.<\/p>\n<p>Pra refletir: \u201cA educa\u00e7\u00e3o \u00e9 a arma mais poderosa que voc\u00ea pode usar para mudar o mundo\u201d. (Nelson Mandela).<\/p>\n<p><img loading=\"lazy\" decoding=\"async\" class=\"aligncenter size-full wp-image-135792\" src=\"https:\/\/diarioregionaldigital.com.br\/wp-content\/uploads\/2019\/03\/Fashion_6x15-nova.jpg\" alt=\"\" width=\"3484\" height=\"1772\" srcset=\"https:\/\/diarioregionaldigital.com.br\/wp-content\/uploads\/2019\/03\/Fashion_6x15-nova.jpg 3484w, https:\/\/diarioregionaldigital.com.br\/wp-content\/uploads\/2019\/03\/Fashion_6x15-nova-300x153.jpg 300w, https:\/\/diarioregionaldigital.com.br\/wp-content\/uploads\/2019\/03\/Fashion_6x15-nova-768x391.jpg 768w, https:\/\/diarioregionaldigital.com.br\/wp-content\/uploads\/2019\/03\/Fashion_6x15-nova-1024x521.jpg 1024w, https:\/\/diarioregionaldigital.com.br\/wp-content\/uploads\/2019\/03\/Fashion_6x15-nova-360x183.jpg 360w\" sizes=\"auto, (max-width: 3484px) 100vw, 3484px\" \/><\/p>\n","protected":false},"excerpt":{"rendered":"<p>Projeto \u201cAcorde\u201d Na \u00faltima semana, a Arquidiocese de Juiz de Fora lan\u00e7ou mais uma a\u00e7\u00e3o sociocaritativa: o Projeto \u201cAcorde\u201d de Forma\u00e7\u00e3o Musical, mantido pela Associa\u00e7\u00e3o de Assist\u00eancia Social Padre Jo\u00e3o Em\u00edlio. A iniciativa, idealizada pelo arcebispo metropolitano Dom Gil Antonio Moreira, foi apresentada e realizada no Instituto Padre Jo\u00e3o Em\u00edlio, local que abrigar\u00e1 as aulas. [&hellip;]<\/p>\n","protected":false},"author":96,"featured_media":137461,"comment_status":"closed","ping_status":"closed","sticky":false,"template":"","format":"standard","meta":{"footnotes":""},"categories":[264],"tags":[],"class_list":["post-137479","post","type-post","status-publish","format-standard","has-post-thumbnail","hentry","category-eduardo-gomes"],"_links":{"self":[{"href":"https:\/\/diarioregionaldigital.com.br\/index.php?rest_route=\/wp\/v2\/posts\/137479","targetHints":{"allow":["GET"]}}],"collection":[{"href":"https:\/\/diarioregionaldigital.com.br\/index.php?rest_route=\/wp\/v2\/posts"}],"about":[{"href":"https:\/\/diarioregionaldigital.com.br\/index.php?rest_route=\/wp\/v2\/types\/post"}],"author":[{"embeddable":true,"href":"https:\/\/diarioregionaldigital.com.br\/index.php?rest_route=\/wp\/v2\/users\/96"}],"replies":[{"embeddable":true,"href":"https:\/\/diarioregionaldigital.com.br\/index.php?rest_route=%2Fwp%2Fv2%2Fcomments&post=137479"}],"version-history":[{"count":0,"href":"https:\/\/diarioregionaldigital.com.br\/index.php?rest_route=\/wp\/v2\/posts\/137479\/revisions"}],"wp:featuredmedia":[{"embeddable":true,"href":"https:\/\/diarioregionaldigital.com.br\/index.php?rest_route=\/wp\/v2\/media\/137461"}],"wp:attachment":[{"href":"https:\/\/diarioregionaldigital.com.br\/index.php?rest_route=%2Fwp%2Fv2%2Fmedia&parent=137479"}],"wp:term":[{"taxonomy":"category","embeddable":true,"href":"https:\/\/diarioregionaldigital.com.br\/index.php?rest_route=%2Fwp%2Fv2%2Fcategories&post=137479"},{"taxonomy":"post_tag","embeddable":true,"href":"https:\/\/diarioregionaldigital.com.br\/index.php?rest_route=%2Fwp%2Fv2%2Ftags&post=137479"}],"curies":[{"name":"wp","href":"https:\/\/api.w.org\/{rel}","templated":true}]}}