{"id":137475,"date":"2019-04-07T05:58:58","date_gmt":"2019-04-07T08:58:58","guid":{"rendered":"https:\/\/diarioregionaldigital.com.br\/?p=137475"},"modified":"2019-04-04T18:39:17","modified_gmt":"2019-04-04T21:39:17","slug":"cadastro-para-vagas-ociosas-em-creches-publicas-e-conveniadas-a-pjf-comeca-nesta-segunda-feira","status":"publish","type":"post","link":"https:\/\/diarioregionaldigital.com.br\/?p=137475","title":{"rendered":"Cadastro para vagas ociosas em creches p\u00fablicas e conveniadas \u00e0 PJF come\u00e7a nesta segunda-feira"},"content":{"rendered":"<p>A partir desta segunda-feira, 8, a Secretaria de Educa\u00e7\u00e3o (SE) abre o cadastramento emergencial nas creches p\u00fablicas ou conveniadas \u00e0 Prefeitura de Juiz de Fora (PJF). As inscri\u00e7\u00f5es v\u00e3o ser feitas no Espa\u00e7o Cidad\u00e3o Centro, at\u00e9 a pr\u00f3xima sexta-feira, 12.<\/p>\n<p>Os pais e respons\u00e1veis que estiverem interessados em cadastrar crian\u00e7as com idade entre zero e tr\u00eas anos e 11 meses podem requerer as vagas ociosas para atendimento nas creches durante 2019. Atualmente, a rede municipal atende mais de 4.300 crian\u00e7as matriculadas nas 46 unidades p\u00fablicas e conveniadas. A classifica\u00e7\u00e3o segue crit\u00e9rios de vulnerabilidade social.<\/p>\n<p>Para realizar o cadastro, os interessados devem levar a seguinte documenta\u00e7\u00e3o (original e c\u00f3pia): comprovante de resid\u00eancia, identidade do respons\u00e1vel pela crian\u00e7a e de todos os adultos da casa; certid\u00e3o de nascimento das crian\u00e7as e dos adolescentes que moram na casa (de zero a 17 anos); comprovante de renda de todos os maiores de 18 anos e, se for o caso, do adolescente aprendiz, inclusive Bolsa Fam\u00edlia; laudo m\u00e9dico para as crian\u00e7as com defici\u00eancia ou neoplasia (c\u00e2ncer); laudo m\u00e9dico com o nome do cuidador em caso de familiar dependente por doen\u00e7a, e documento expedido por \u00f3rg\u00e3o competente, que comprove casos de crian\u00e7as v\u00edtimas de viol\u00eancia dom\u00e9stica.<\/p>\n<p>Al\u00e9m disso, documentos originais da guarda formal da crian\u00e7a, caso n\u00e3o seja o pai ou a m\u00e3e; comprovante de matr\u00edcula na creche, em caso de irm\u00e3os frequentando a mesma unidade; documento de encaminhamento da Vara da Inf\u00e2ncia, Conselho Tutelar, centros de Refer\u00eancia Especializados de Assist\u00eancia Social (Creas) e em Assist\u00eancia Social (Cras) e Casa de Acolhimento, caso a fam\u00edlia esteja vivenciando situa\u00e7\u00e3o de vulnerabilidade social; e n\u00famero de identifica\u00e7\u00e3o social (NIS) da crian\u00e7a, tamb\u00e9m devem ser apresentados.<\/p>\n<p>A SE ressalta que o cadastramento, no entanto, n\u00e3o \u00e9 garantia da vaga.\u00a0 As creches oferecem atendimento em tempo integral de, no m\u00ednimo, sete horas di\u00e1rias. Em caso de d\u00favidas, basta entrar em contato com a secretaria pelo telefone 3690-7721.<\/p>\n<p>O Espa\u00e7o Cidad\u00e3o fica na Avenida Bar\u00e3o do Rio Branco, 2.234, no Centro (ao lado do Parque Halfeld).<\/p>\n","protected":false},"excerpt":{"rendered":"<p>A partir desta segunda-feira, 8, a Secretaria de Educa\u00e7\u00e3o (SE) abre o cadastramento emergencial nas creches p\u00fablicas ou conveniadas \u00e0 Prefeitura de Juiz de Fora (PJF). As inscri\u00e7\u00f5es v\u00e3o ser feitas no Espa\u00e7o Cidad\u00e3o Centro, at\u00e9 a pr\u00f3xima sexta-feira, 12. Os pais e respons\u00e1veis que estiverem interessados em cadastrar crian\u00e7as com idade entre zero e [&hellip;]<\/p>\n","protected":false},"author":96,"featured_media":137480,"comment_status":"closed","ping_status":"closed","sticky":false,"template":"","format":"standard","meta":{"footnotes":""},"categories":[253,436,440,439],"tags":[],"class_list":["post-137475","post","type-post","status-publish","format-standard","has-post-thumbnail","hentry","category-cidade","category-destaque-da-semana","category-destaques-do-dia","category-ultima-hora"],"_links":{"self":[{"href":"https:\/\/diarioregionaldigital.com.br\/index.php?rest_route=\/wp\/v2\/posts\/137475","targetHints":{"allow":["GET"]}}],"collection":[{"href":"https:\/\/diarioregionaldigital.com.br\/index.php?rest_route=\/wp\/v2\/posts"}],"about":[{"href":"https:\/\/diarioregionaldigital.com.br\/index.php?rest_route=\/wp\/v2\/types\/post"}],"author":[{"embeddable":true,"href":"https:\/\/diarioregionaldigital.com.br\/index.php?rest_route=\/wp\/v2\/users\/96"}],"replies":[{"embeddable":true,"href":"https:\/\/diarioregionaldigital.com.br\/index.php?rest_route=%2Fwp%2Fv2%2Fcomments&post=137475"}],"version-history":[{"count":0,"href":"https:\/\/diarioregionaldigital.com.br\/index.php?rest_route=\/wp\/v2\/posts\/137475\/revisions"}],"wp:featuredmedia":[{"embeddable":true,"href":"https:\/\/diarioregionaldigital.com.br\/index.php?rest_route=\/wp\/v2\/media\/137480"}],"wp:attachment":[{"href":"https:\/\/diarioregionaldigital.com.br\/index.php?rest_route=%2Fwp%2Fv2%2Fmedia&parent=137475"}],"wp:term":[{"taxonomy":"category","embeddable":true,"href":"https:\/\/diarioregionaldigital.com.br\/index.php?rest_route=%2Fwp%2Fv2%2Fcategories&post=137475"},{"taxonomy":"post_tag","embeddable":true,"href":"https:\/\/diarioregionaldigital.com.br\/index.php?rest_route=%2Fwp%2Fv2%2Ftags&post=137475"}],"curies":[{"name":"wp","href":"https:\/\/api.w.org\/{rel}","templated":true}]}}