{"id":137471,"date":"2019-04-07T06:00:33","date_gmt":"2019-04-07T09:00:33","guid":{"rendered":"https:\/\/diarioregionaldigital.com.br\/?p=137471"},"modified":"2019-04-04T18:34:22","modified_gmt":"2019-04-04T21:34:22","slug":"e-preciso-fazer-alguma-coisa","status":"publish","type":"post","link":"https:\/\/diarioregionaldigital.com.br\/?p=137471","title":{"rendered":"\u00c9 PRECISO FAZER ALGUMA COISA&#8230;"},"content":{"rendered":"<p>Quando a fantasia toma o lugar da realidade, estamos diante de um problema. Se o indiv\u00edduo passa a vida inteira fingindo que gosta de si, sem conseguir superar aquelas cren\u00e7as negativas que absorveu quando pequeno, o problema pode ser s\u00e9rio. Nesses casos, a \u00fanica solu\u00e7\u00e3o \u00e9 o indiv\u00edduo entrar em contato com a crian\u00e7a que tem dentro de si e dar a ela todo o cuidado, carinho e aten\u00e7\u00e3o de que ela necessita.<\/p>\n<p>Cuidando da auto-estima<\/p>\n<p><strong>Relaxamento<\/strong><\/p>\n<p>O relaxamento \u00e9 fundamental para aumentar a auto-estima. Na escola, n\u00f3s aprendemos que o trabalho enobrece e faz bem \u00e0 sa\u00fade. Isso \u00e9 verdade. H\u00e1 pessoas que trabalham muito e se queixam de estresse, mas o estresse pode ser positivo. Desde que esteja ligado \u00e0 emo\u00e7\u00e3o de realizar coisas, o estresse traz ener\u00adgia. O problema surge quan\u00addo o estresse \u00e9 re\u00adsul\u00adtado ape\u00adnas de preo\u00adcu\u00adpa\u00e7\u00e3o e ansiedade: a\u00ed, ele \u00e9 prejudicial. Nesse caso, ele nem se cha\u00ad\u00adma estresse \u2014 chama-se dis\u00adtresse.<\/p>\n<p>Esse lado construtivo do tra\u00adbalho \u00e9 verdadeiro apenas quando permitimos que a nossa mente relaxe. Quando relaxamos, travamos contato com o inconsciente e deixamos que ele harmonize o nosso trabalho com a nossa finalidade de vida.<\/p>\n<p>Quem s\u00f3 trabalha, vira um rob\u00f4: acorda de manh\u00e3 para trabalhar, come para trabalhar, dorme para trabalhar. \u00c9 muito importante relaxar. Relaxando, voc\u00ea n\u00e3o se separa de si mesmo.<\/p>\n<p>\u00c9 poss\u00edvel relaxar a qualquer hora, em qualquer lugar. Voc\u00ea s\u00f3 precisa saber que isso \u00e9 necess\u00e1rio.<\/p>\n<p>Exis\u00adtem diversas t\u00e9cnicas de r\u00adela\u00adxamento e todas s\u00e3o v\u00e1lidas: respira\u00e7\u00e3o, m\u00fa\u00adsicas especiais, medita\u00e7\u00e3o, ioga, massagem, etc. Procure uma de que goste e pratique-a.<\/p>\n<p>&nbsp;<\/p>\n<p><strong>Visualiza\u00e7\u00e3o<\/strong><\/p>\n<p>Quando voc\u00ea faz uma visualiza\u00e7\u00e3o bem-feita, sua mente n\u00e3o distingue se o fato aconteceu de verdade ou se foi mentalmente criado. Existe uma experi\u00eancia, feita na Univer\u00adsi\u00addade de Yale, nos Estados Unidos, que ilustra bem este assunto. Observe:<\/p>\n<p>Foram escolhidos trinta estudantes que nunca haviam atirado. Todos fizeram testes de tiro ao alvo e foram selecionados por\u00adque obtiveram a mesma m\u00e9dia de acerto. Depois disso, eles foram divididos em tr\u00eas grupos, que treinaram da seguinte forma:<\/p>\n<ul>\n<li>O primeiro grupo treinou vinte minutos por dia, cinco dias por semana, durante seis semanas.<\/li>\n<li>O segundo grupo, compareceu ao local de trei\u00adna\u00admento o mesmo n\u00famero de vezes que o pri\u00admeiro, mas apenas se imaginou atirando no alvo, fazendo com as m\u00e3os o gesto de atirar.<\/li>\n<li>O terceiro grupo com\u00adparecia ao local dos treinos, mas ficava brincando \u00e0 toa.<\/li>\n<\/ul>\n<p>Depois de seis semanas, os testes de tiro ao alvo foram re\u00adpe\u00adtidos:<\/p>\n<ul>\n<li>O primeiro grupo, que havia treinado com rev\u00f3lver, melhorou 83%.<\/li>\n<li>O segundo, que ape\u00adnas visualizou os tiros e o alvo, me\u00adlhorou 82%.<\/li>\n<li>O terceiro, que ficou \u00e0 toa, apre\u00adsentou o mesmo desempenho anterior.<\/li>\n<\/ul>\n<p>Conclus\u00e3o: O rev\u00f3lver, usado no treinamento do primeiro grupo, serviu apenas como ins\u00adtru\u00admento para manter a mente, assim como as m\u00e3os e os olhos, concentrada.<\/p>\n<p><u>\u00a0<\/u><\/p>\n","protected":false},"excerpt":{"rendered":"<p>Quando a fantasia toma o lugar da realidade, estamos diante de um problema. Se o indiv\u00edduo passa a vida inteira fingindo que gosta de si, sem conseguir superar aquelas cren\u00e7as negativas que absorveu quando pequeno, o problema pode ser s\u00e9rio. Nesses casos, a \u00fanica solu\u00e7\u00e3o \u00e9 o indiv\u00edduo entrar em contato com a crian\u00e7a que [&hellip;]<\/p>\n","protected":false},"author":96,"featured_media":96755,"comment_status":"closed","ping_status":"closed","sticky":false,"template":"","format":"standard","meta":{"footnotes":""},"categories":[435,436,274,439],"tags":[],"class_list":["post-137471","post","type-post","status-publish","format-standard","has-post-thumbnail","hentry","category-colunas","category-destaque-da-semana","category-dr-lair-ribeiro","category-ultima-hora"],"_links":{"self":[{"href":"https:\/\/diarioregionaldigital.com.br\/index.php?rest_route=\/wp\/v2\/posts\/137471","targetHints":{"allow":["GET"]}}],"collection":[{"href":"https:\/\/diarioregionaldigital.com.br\/index.php?rest_route=\/wp\/v2\/posts"}],"about":[{"href":"https:\/\/diarioregionaldigital.com.br\/index.php?rest_route=\/wp\/v2\/types\/post"}],"author":[{"embeddable":true,"href":"https:\/\/diarioregionaldigital.com.br\/index.php?rest_route=\/wp\/v2\/users\/96"}],"replies":[{"embeddable":true,"href":"https:\/\/diarioregionaldigital.com.br\/index.php?rest_route=%2Fwp%2Fv2%2Fcomments&post=137471"}],"version-history":[{"count":0,"href":"https:\/\/diarioregionaldigital.com.br\/index.php?rest_route=\/wp\/v2\/posts\/137471\/revisions"}],"wp:featuredmedia":[{"embeddable":true,"href":"https:\/\/diarioregionaldigital.com.br\/index.php?rest_route=\/wp\/v2\/media\/96755"}],"wp:attachment":[{"href":"https:\/\/diarioregionaldigital.com.br\/index.php?rest_route=%2Fwp%2Fv2%2Fmedia&parent=137471"}],"wp:term":[{"taxonomy":"category","embeddable":true,"href":"https:\/\/diarioregionaldigital.com.br\/index.php?rest_route=%2Fwp%2Fv2%2Fcategories&post=137471"},{"taxonomy":"post_tag","embeddable":true,"href":"https:\/\/diarioregionaldigital.com.br\/index.php?rest_route=%2Fwp%2Fv2%2Ftags&post=137471"}],"curies":[{"name":"wp","href":"https:\/\/api.w.org\/{rel}","templated":true}]}}