{"id":137458,"date":"2019-04-04T16:27:12","date_gmt":"2019-04-04T19:27:12","guid":{"rendered":"https:\/\/diarioregionaldigital.com.br\/?p=137458"},"modified":"2019-04-04T16:27:12","modified_gmt":"2019-04-04T19:27:12","slug":"camara-aprova-dois-projetos-em-defesa-de-direitos-dos-autistas","status":"publish","type":"post","link":"https:\/\/diarioregionaldigital.com.br\/?p=137458","title":{"rendered":"C\u00e2mara aprova dois projetos em defesa de direitos dos autistas"},"content":{"rendered":"<p>O plen\u00e1rio da C\u00e2mara aprovou na noite de quarta-feira, 3, dois projetos em defesa das pessoas com autismo. O Projeto de Lei 1712\/19 atribui \u00e0 Uni\u00e3o a coordena\u00e7\u00e3o da Pol\u00edtica Nacional de Prote\u00e7\u00e3o dos Direitos da Pessoa com Transtorno do Espectro Autista, j\u00e1 o Projeto de Lei 1354\/19 assegura \u00e0 pessoa com transtorno do espectro autista (TEA) prioridade na tramita\u00e7\u00e3o dos processos e procedimentos judiciais e administrativos. Os dois PLs seguem agora para o Senado.<\/p>\n<p>Com a aprova\u00e7\u00e3o do PL 1712\/19, o governo federal dever\u00e1 fornecer apoio t\u00e9cnico e financeiro aos estados e munic\u00edpios para o cumprimento da Pol\u00edtica Nacional de Prote\u00e7\u00e3o dos Direitos da Pessoa com Transtorno do Espectro Autista. O apoio federal poder\u00e1 ocorrer por meio de fomento de projetos e programas espec\u00edficos de aten\u00e7\u00e3o \u00e0 sa\u00fade, \u00e0 educa\u00e7\u00e3o inclusiva com atendimento educacional especializado e de outras pol\u00edticas que possibilitem a inclus\u00e3o social plena das pessoas autistas.<\/p>\n<p>O PL 1354\/19 far\u00e1 com o que o autista tenha prioridade na execu\u00e7\u00e3o de atos e dilig\u00eancias judiciais ou administrativas em que o figure como parte ou interveniente em qualquer inst\u00e2ncia. Para isso, ele dever\u00e1 fazer prova de sua condi\u00e7\u00e3o.<\/p>\n<p>Fonte: Ag\u00eancia Brasil<\/p>\n","protected":false},"excerpt":{"rendered":"<p>O plen\u00e1rio da C\u00e2mara aprovou na noite de quarta-feira, 3, dois projetos em defesa das pessoas com autismo. O Projeto de Lei 1712\/19 atribui \u00e0 Uni\u00e3o a coordena\u00e7\u00e3o da Pol\u00edtica Nacional de Prote\u00e7\u00e3o dos Direitos da Pessoa com Transtorno do Espectro Autista, j\u00e1 o Projeto de Lei 1354\/19 assegura \u00e0 pessoa com transtorno do espectro [&hellip;]<\/p>\n","protected":false},"author":96,"featured_media":137450,"comment_status":"closed","ping_status":"closed","sticky":false,"template":"","format":"standard","meta":{"footnotes":""},"categories":[436,254,439],"tags":[],"class_list":["post-137458","post","type-post","status-publish","format-standard","has-post-thumbnail","hentry","category-destaque-da-semana","category-politica","category-ultima-hora"],"_links":{"self":[{"href":"https:\/\/diarioregionaldigital.com.br\/index.php?rest_route=\/wp\/v2\/posts\/137458","targetHints":{"allow":["GET"]}}],"collection":[{"href":"https:\/\/diarioregionaldigital.com.br\/index.php?rest_route=\/wp\/v2\/posts"}],"about":[{"href":"https:\/\/diarioregionaldigital.com.br\/index.php?rest_route=\/wp\/v2\/types\/post"}],"author":[{"embeddable":true,"href":"https:\/\/diarioregionaldigital.com.br\/index.php?rest_route=\/wp\/v2\/users\/96"}],"replies":[{"embeddable":true,"href":"https:\/\/diarioregionaldigital.com.br\/index.php?rest_route=%2Fwp%2Fv2%2Fcomments&post=137458"}],"version-history":[{"count":0,"href":"https:\/\/diarioregionaldigital.com.br\/index.php?rest_route=\/wp\/v2\/posts\/137458\/revisions"}],"wp:featuredmedia":[{"embeddable":true,"href":"https:\/\/diarioregionaldigital.com.br\/index.php?rest_route=\/wp\/v2\/media\/137450"}],"wp:attachment":[{"href":"https:\/\/diarioregionaldigital.com.br\/index.php?rest_route=%2Fwp%2Fv2%2Fmedia&parent=137458"}],"wp:term":[{"taxonomy":"category","embeddable":true,"href":"https:\/\/diarioregionaldigital.com.br\/index.php?rest_route=%2Fwp%2Fv2%2Fcategories&post=137458"},{"taxonomy":"post_tag","embeddable":true,"href":"https:\/\/diarioregionaldigital.com.br\/index.php?rest_route=%2Fwp%2Fv2%2Ftags&post=137458"}],"curies":[{"name":"wp","href":"https:\/\/api.w.org\/{rel}","templated":true}]}}